{"id":72733,"date":"2026-01-29T00:03:10","date_gmt":"2026-01-29T06:03:10","guid":{"rendered":"https:\/\/noticiasveracruz.com\/?p=72733"},"modified":"2026-01-28T21:02:37","modified_gmt":"2026-01-29T03:02:37","slug":"actualizaran-padron-de-servicio-privado","status":"publish","type":"post","link":"https:\/\/noticiasveracruz.com\/index.php\/2026\/01\/29\/actualizaran-padron-de-servicio-privado\/","title":{"rendered":"Actualizar\u00e1n padr\u00f3n de Servicio Privado"},"content":{"rendered":"<p>El Gobierno de Veracruz emiti\u00f3 las reglas de operaci\u00f3n del Programa de Ordenamiento Vehicular obligatorio para el Servicio Privado, que establece el canje de placas y la actualizaci\u00f3n del padr\u00f3n vehicular en la entidad.<\/p>\n<p>De acuerdo con la publicaci\u00f3n en la Gaceta Oficial del Estado de Veracruz, el programa es obligatorio para veh\u00edculos del servicio privado con placas emitidas hasta noviembre de 2018 y anteriores, as\u00ed como para unidades que se registren por primera vez en el estado.<\/p>\n<p>El acuerdo fue emitido por la Secretar\u00eda de Finanzas y Planeaci\u00f3n y aplica a autom\u00f3viles, camiones, \u00f3mnibus y remolques.<\/p>\n<p>Las reglas contemplan la condonaci\u00f3n de adeudos fiscales correspondientes a los ejercicios 2020 y anteriores, siempre que los propietarios cubran los pagos de los \u00faltimos cinco ejercicios previos al inicio del programa por concepto de derechos de control vehicular y, en su caso, tenencia.<\/p>\n<p>Las obligaciones fiscales del ejercicio 2026 no forman parte del esquema de regularizaci\u00f3n y deber\u00e1n cubrirse de manera independiente.<\/p>\n<p>Para acceder al programa, los propietarios deber\u00e1n agendar una cita en la Oficina Virtual de Hacienda o acudir a las Oficinas de Hacienda del Estado habilitadas, adem\u00e1s de realizar los pagos que correspondan seg\u00fan su situaci\u00f3n fiscal.<\/p>\n<p>Entre los documentos requeridos se encuentran identificaci\u00f3n oficial vigente, placas y tarjeta de circulaci\u00f3n, comprobante de domicilio, factura o documento que acredite la propiedad del veh\u00edculo y constancia de inscripci\u00f3n al REPUVE.<\/p>\n<p>El tr\u00e1mite ser\u00e1 personal e intransferible y, en la mayor\u00eda de los casos, no ser\u00e1 necesario presentar f\u00edsicamente la unidad, salvo para altas al registro estatal y casos espec\u00edficos.<\/p>\n<p>Como parte del proceso de modernizaci\u00f3n, el programa incorpora la entrega de placas, tarjeta de circulaci\u00f3n y calcoman\u00edas a domicilio en todo el estado.<\/p>\n<p>Este servicio contar\u00e1 con un subsidio del 100% durante los primeros seis meses; posteriormente se aplicar\u00e1 una tarifa \u00fanica. La entrega se realizar\u00e1 \u00fanicamente al propietario del veh\u00edculo, previa verificaci\u00f3n de identidad, y ser\u00e1 obligatorio devolver las placas y documentos anteriores.<\/p>\n<p>Las Oficinas de Hacienda verificar\u00e1n que las unidades no cuenten con reporte de robo y est\u00e9n correctamente inscritas en el REPUVE.<\/p>\n","protected":false},"excerpt":{"rendered":"<p>El Gobierno de Veracruz emiti\u00f3 las reglas de operaci\u00f3n del Programa de Ordenamiento Vehicular obligatorio para el Servicio Privado, que<\/p>\n","protected":false},"author":4,"featured_media":72734,"comment_status":"closed","ping_status":"closed","sticky":false,"template":"","format":"standard","meta":{"colormag_page_container_layout":"default_layout","colormag_page_sidebar_layout":"default_layout","_jetpack_memberships_contains_paid_content":false,"footnotes":"","jetpack_publicize_message":"","jetpack_publicize_feature_enabled":true,"jetpack_social_post_already_shared":true,"jetpack_social_options":{"image_generator_settings":{"template":"highway","default_image_id":0,"font":"","enabled":false},"version":2}},"categories":[356],"tags":[],"class_list":["post-72733","post","type-post","status-publish","format-standard","has-post-thumbnail","hentry","category-veracruz"],"jetpack_publicize_connections":[],"jetpack_featured_media_url":"https:\/\/noticiasveracruz.com\/wp-content\/uploads\/2026\/01\/PAD.jpg","jetpack_sharing_enabled":true,"publishpress_future_action":{"enabled":false,"date":"2026-05-07 02:21:42","action":"change-status","newStatus":"draft","terms":[],"taxonomy":"category","extraData":[]},"publishpress_future_workflow_manual_trigger":{"enabledWorkflows":[]},"_links":{"self":[{"href":"https:\/\/noticiasveracruz.com\/index.php\/wp-json\/wp\/v2\/posts\/72733","targetHints":{"allow":["GET"]}}],"collection":[{"href":"https:\/\/noticiasveracruz.com\/index.php\/wp-json\/wp\/v2\/posts"}],"about":[{"href":"https:\/\/noticiasveracruz.com\/index.php\/wp-json\/wp\/v2\/types\/post"}],"author":[{"embeddable":true,"href":"https:\/\/noticiasveracruz.com\/index.php\/wp-json\/wp\/v2\/users\/4"}],"replies":[{"embeddable":true,"href":"https:\/\/noticiasveracruz.com\/index.php\/wp-json\/wp\/v2\/comments?post=72733"}],"version-history":[{"count":0,"href":"https:\/\/noticiasveracruz.com\/index.php\/wp-json\/wp\/v2\/posts\/72733\/revisions"}],"wp:featuredmedia":[{"embeddable":true,"href":"https:\/\/noticiasveracruz.com\/index.php\/wp-json\/wp\/v2\/media\/72734"}],"wp:attachment":[{"href":"https:\/\/noticiasveracruz.com\/index.php\/wp-json\/wp\/v2\/media?parent=72733"}],"wp:term":[{"taxonomy":"category","embeddable":true,"href":"https:\/\/noticiasveracruz.com\/index.php\/wp-json\/wp\/v2\/categories?post=72733"},{"taxonomy":"post_tag","embeddable":true,"href":"https:\/\/noticiasveracruz.com\/index.php\/wp-json\/wp\/v2\/tags?post=72733"}],"curies":[{"name":"wp","href":"https:\/\/api.w.org\/{rel}","templated":true}]}}