{"id":72727,"date":"2026-01-29T00:01:26","date_gmt":"2026-01-29T06:01:26","guid":{"rendered":"https:\/\/noticiasveracruz.com\/?p=72727"},"modified":"2026-01-28T21:01:00","modified_gmt":"2026-01-29T03:01:00","slug":"reaparece-gusano-barrenador-en-zona-centro","status":"publish","type":"post","link":"https:\/\/noticiasveracruz.com\/index.php\/2026\/01\/29\/reaparece-gusano-barrenador-en-zona-centro\/","title":{"rendered":"Reaparece Gusano Barrenador en Zona Centro"},"content":{"rendered":"<p>Autoridades estatales confirmaron la detecci\u00f3n de casos de gusano barrenador en la regi\u00f3n centro de Veracruz, lo que activ\u00f3 medidas de vigilancia y contenci\u00f3n para evitar su propagaci\u00f3n en el hato ganadero.<\/p>\n<p>El secretario de Desarrollo Agropecuario, Rural y Pesca, Rodrigo Calder\u00f3n Salas, inform\u00f3 que la plaga hab\u00eda sido contenida durante casi un a\u00f1o, pero recientemente se identificaron nuevos reportes en municipios del centro del estado.<\/p>\n<p>\u201cLo detuvimos casi un a\u00f1o, ya ahorita tenemos algunos casos en el centro del estado y eso preocupa a la gobernadora y m\u00e1s a nosotros\u201d, declar\u00f3.<\/p>\n<p>El funcionario precis\u00f3 que no se han registrado muertes de ganado relacionadas con esta situaci\u00f3n sanitaria, ya que las lesiones son atendidas de manera inmediata al ser detectadas.<\/p>\n<p>\u201cSon heridas que se sanan r\u00e1pido si se detecta al animal herido; el problema es que el gusano caiga al suelo y se convierta en mosca otra vez\u201d, explic\u00f3.<\/p>\n<p>Calder\u00f3n Salas indic\u00f3 que la contenci\u00f3n se reforzar\u00e1 con la conclusi\u00f3n del laboratorio para la cr\u00eda de mosca est\u00e9ril, estrategia que permitir\u00e1 cortar el ciclo reproductivo del insecto.<\/p>\n<p>A\u00f1adi\u00f3 que, aunque los primeros registros se concentraban en el sur del estado, ya se identifican casos en la zona centro y pocos reportes en el norte, adem\u00e1s de presencia documentada en entidades vecinas del Golfo.<\/p>\n<p>Las autoridades reiteraron que, por el momento, el sector ganadero no presenta p\u00e9rdidas, ya que los animales afectados reciben tratamiento inmediato, mientras contin\u00faan las acciones de vigilancia sanitaria para evitar la expansi\u00f3n de la plaga.<\/p>\n","protected":false},"excerpt":{"rendered":"<p>Autoridades estatales confirmaron la detecci\u00f3n de casos de gusano barrenador en la regi\u00f3n centro de Veracruz, lo que activ\u00f3 medidas<\/p>\n","protected":false},"author":4,"featured_media":72728,"comment_status":"closed","ping_status":"closed","sticky":false,"template":"","format":"standard","meta":{"colormag_page_container_layout":"default_layout","colormag_page_sidebar_layout":"default_layout","_jetpack_memberships_contains_paid_content":false,"footnotes":"","jetpack_publicize_message":"","jetpack_publicize_feature_enabled":true,"jetpack_social_post_already_shared":true,"jetpack_social_options":{"image_generator_settings":{"template":"highway","default_image_id":0,"font":"","enabled":false},"version":2}},"categories":[356],"tags":[],"class_list":["post-72727","post","type-post","status-publish","format-standard","has-post-thumbnail","hentry","category-veracruz"],"jetpack_publicize_connections":[],"jetpack_featured_media_url":"https:\/\/noticiasveracruz.com\/wp-content\/uploads\/2026\/01\/GUBA.jpg","jetpack_sharing_enabled":true,"publishpress_future_action":{"enabled":false,"date":"2026-05-07 00:23:45","action":"change-status","newStatus":"draft","terms":[],"taxonomy":"category","extraData":[]},"publishpress_future_workflow_manual_trigger":{"enabledWorkflows":[]},"_links":{"self":[{"href":"https:\/\/noticiasveracruz.com\/index.php\/wp-json\/wp\/v2\/posts\/72727","targetHints":{"allow":["GET"]}}],"collection":[{"href":"https:\/\/noticiasveracruz.com\/index.php\/wp-json\/wp\/v2\/posts"}],"about":[{"href":"https:\/\/noticiasveracruz.com\/index.php\/wp-json\/wp\/v2\/types\/post"}],"author":[{"embeddable":true,"href":"https:\/\/noticiasveracruz.com\/index.php\/wp-json\/wp\/v2\/users\/4"}],"replies":[{"embeddable":true,"href":"https:\/\/noticiasveracruz.com\/index.php\/wp-json\/wp\/v2\/comments?post=72727"}],"version-history":[{"count":0,"href":"https:\/\/noticiasveracruz.com\/index.php\/wp-json\/wp\/v2\/posts\/72727\/revisions"}],"wp:featuredmedia":[{"embeddable":true,"href":"https:\/\/noticiasveracruz.com\/index.php\/wp-json\/wp\/v2\/media\/72728"}],"wp:attachment":[{"href":"https:\/\/noticiasveracruz.com\/index.php\/wp-json\/wp\/v2\/media?parent=72727"}],"wp:term":[{"taxonomy":"category","embeddable":true,"href":"https:\/\/noticiasveracruz.com\/index.php\/wp-json\/wp\/v2\/categories?post=72727"},{"taxonomy":"post_tag","embeddable":true,"href":"https:\/\/noticiasveracruz.com\/index.php\/wp-json\/wp\/v2\/tags?post=72727"}],"curies":[{"name":"wp","href":"https:\/\/api.w.org\/{rel}","templated":true}]}}