{"id":72715,"date":"2026-01-24T22:55:52","date_gmt":"2026-01-25T04:55:52","guid":{"rendered":"https:\/\/noticiasveracruz.com\/?p=72715"},"modified":"2026-01-27T22:57:03","modified_gmt":"2026-01-28T04:57:03","slug":"veracruz-2026-cuando-el-reflector-nacional-vuelve-a-apuntar-al-sur","status":"publish","type":"post","link":"https:\/\/noticiasveracruz.com\/index.php\/2026\/01\/24\/veracruz-2026-cuando-el-reflector-nacional-vuelve-a-apuntar-al-sur\/","title":{"rendered":"Veracruz 2026: cuando el reflector nacional vuelve a apuntar al sur"},"content":{"rendered":"<p style=\"font-weight: 400;\"><em>\u201cEl reto no es solamente perseguir la perfecci\u00f3n, sino hacerlo sin destrozar el resto de tu vida\u201d. \u2013 Terry Orlick.<\/em><\/p>\n<p style=\"font-weight: 400;\"><strong>El arranque de 2026 dej\u00f3 una postal pol\u00edtica que durante a\u00f1os parec\u00eda improbable para Veracruz: la presencia constante del Ejecutivo federal, anuncios de inversi\u00f3n de gran calado y una narrativa nacional que ya no coloca al estado \u00fanicamente como sin\u00f3nimo de rezago, deuda o crisis institucional. La reciente visita de la presidenta Claudia Sheinbaum Pardo no fue un acto protocolario m\u00e1s; fue, en los hechos, una se\u00f1al pol\u00edtica y econ\u00f3mica que reconfigura la percepci\u00f3n del estado en el tablero nacional.<\/strong><\/p>\n<p style=\"font-weight: 400;\"><strong>Nadie \u2014ni siquiera la oposici\u00f3n m\u00e1s f\u00e9rrea\u2014 puede regatearle a la gobernadora Roc\u00edo Nahle el trabajo pol\u00edtico, social y humano que en apenas un a\u00f1o ha impuesto en Veracruz. No se trata solo de presencia medi\u00e1tica o de una agenda cargada, sino de un ritmo de gobierno que obliga a resultados, incomoda inercias y reordena prioridades. La constante es clara: trabajo diario, decisiones firmes cuando se requiere y sensibilidad frente a una base social hist\u00f3ricamente golpeada por el abandono institucional.<\/strong><\/p>\n<p style=\"font-weight: 400;\"><strong>Durante a\u00f1os, Veracruz vivi\u00f3 una relaci\u00f3n distante \u2014cuando no negligente\u2014 con el poder central. Las visitas presidenciales eran espor\u00e1dicas, reactivas y, en muchos casos, simb\u00f3licas. Hoy el escenario es otro: cada visita trae consigo anuncios concretos, recursos etiquetados y compromisos verificables. El anuncio de 20 mil millones de pesos en obras e inversi\u00f3n federal marca un punto de inflexi\u00f3n. No es una cifra menor ni un gesto ret\u00f3rico: es una apuesta directa por la reconstrucci\u00f3n econ\u00f3mica y social del estado.<\/strong><\/p>\n<p style=\"font-weight: 400;\"><strong>Particularmente revelador fue el despliegue de apoyo en la regi\u00f3n Huasteca. Ah\u00ed donde antes se suplicaba la llegada del Fonden \u2014y donde los recursos rara vez aterrizaban donde m\u00e1s se necesitaban\u2014 hoy se observa una respuesta integral, sin regateos ni c\u00e1lculos pol\u00edticos mezquinos. Este cambio no solo tiene impacto inmediato en infraestructura y atenci\u00f3n social; tambi\u00e9n manda un mensaje potente: Veracruz vuelve a ser prioridad.<\/strong><\/p>\n<p style=\"font-weight: 400;\"><strong>Pero el impacto de este arranque de a\u00f1o no puede medirse solo en anuncios. Los datos comienzan a respaldar el discurso. Los \u00faltimos resultados de 2025 publicados por el INEGI y la Secretar\u00eda de Hacienda colocan a Veracruz en primer lugar nacional en porcentaje de participaciones federales, tercer lugar en confianza para la inversi\u00f3n y con una inflaci\u00f3n por debajo de la media nacional. En un pa\u00eds donde la estabilidad macroecon\u00f3mica es cada vez m\u00e1s fr\u00e1gil, estos indicadores no son menores y reflejan una recuperaci\u00f3n gradual de la credibilidad institucional.<\/strong><\/p>\n<p style=\"font-weight: 400;\"><strong>En el plano internacional, la presencia de Veracruz en la Feria de Turismo en Espa\u00f1a, dentro del pabell\u00f3n de M\u00e9xico, refuerza esta narrativa de reposicionamiento. No se trata solo de promoci\u00f3n tur\u00edstica, sino de una se\u00f1al de apertura, proyecci\u00f3n y confianza. A ello se suma el desempe\u00f1o de estudiantes veracruzanas destacando a nivel nacional, planes con visi\u00f3n de largo plazo para el campo y los primeros pasos para recomponer un sistema administrativo que durante a\u00f1os fue sin\u00f3nimo de desorden, opacidad y simulaci\u00f3n.<\/strong><\/p>\n<p style=\"font-weight: 400;\"><strong>Sin embargo, una columna cr\u00edtica no puede quedarse en la celebraci\u00f3n. El reto de este nuevo ciclo pol\u00edtico ser\u00e1 sostener el ritmo y convertir los anuncios en resultados tangibles. La inversi\u00f3n anunciada deber\u00e1 reflejarse en obras concluidas, empleo real y bienestar medible. La seguridad sigue siendo una asignatura pendiente en varias regiones, y la recomposici\u00f3n administrativa requerir\u00e1 m\u00e1s que voluntad pol\u00edtica: demandar\u00e1 cuadros t\u00e9cnicos s\u00f3lidos, transparencia y rendici\u00f3n de cuentas.<\/strong><\/p>\n<p style=\"font-weight: 400;\"><strong>Hablar bien de Veracruz, hoy, conviene a todos. No por complacencia, sino por responsabilidad colectiva. La narrativa de desastre permanente solo beneficia al estancamiento. Pero hablar bien tambi\u00e9n implica exigir, medir y corregir. El reflector nacional ha vuelto a apuntar al sur; ahora el desaf\u00edo ser\u00e1 no desperdiciar la luz.<\/strong><\/p>\n<p style=\"font-weight: 400;\"><strong>El 2026 inici\u00f3 con se\u00f1ales claras de cambio. Falta lo m\u00e1s dif\u00edcil: que el impulso no se diluya y que el nuevo rostro de Veracruz no sea solo una buena foto, sino una transformaci\u00f3n duradera.<\/strong><\/p>\n<p style=\"font-weight: 400;\"><strong>\u00a0<\/strong><\/p>\n<p style=\"font-weight: 400;\"><strong>Al tiempo.<\/strong><\/p>\n<p><img loading=\"lazy\" decoding=\"async\" class=\"alignnone wp-image-72716 size-full\" src=\"http:\/\/noticiasveracruz.com\/wp-content\/uploads\/2026\/01\/FIRMA-EDITORIAL-PD-7.jpg\" alt=\"\" width=\"1024\" height=\"125\" srcset=\"https:\/\/noticiasveracruz.com\/wp-content\/uploads\/2026\/01\/FIRMA-EDITORIAL-PD-7.jpg 1024w, https:\/\/noticiasveracruz.com\/wp-content\/uploads\/2026\/01\/FIRMA-EDITORIAL-PD-7-300x37.jpg 300w, https:\/\/noticiasveracruz.com\/wp-content\/uploads\/2026\/01\/FIRMA-EDITORIAL-PD-7-768x94.jpg 768w\" sizes=\"auto, (max-width: 1024px) 100vw, 1024px\" \/><\/p>\n","protected":false},"excerpt":{"rendered":"<p>\u201cEl reto no es solamente perseguir la perfecci\u00f3n, sino hacerlo sin destrozar el resto de tu vida\u201d. \u2013 Terry Orlick.<\/p>\n","protected":false},"author":4,"featured_media":71786,"comment_status":"closed","ping_status":"closed","sticky":false,"template":"","format":"standard","meta":{"colormag_page_container_layout":"default_layout","colormag_page_sidebar_layout":"default_layout","_jetpack_memberships_contains_paid_content":false,"footnotes":"","jetpack_publicize_message":"","jetpack_publicize_feature_enabled":true,"jetpack_social_post_already_shared":true,"jetpack_social_options":{"image_generator_settings":{"template":"highway","default_image_id":0,"font":"","enabled":false},"version":2}},"categories":[6],"tags":[],"class_list":["post-72715","post","type-post","status-publish","format-standard","has-post-thumbnail","hentry","category-columnistas"],"jetpack_publicize_connections":[],"jetpack_featured_media_url":"https:\/\/noticiasveracruz.com\/wp-content\/uploads\/2026\/01\/BANNERBAQUEIRO-NV.jpg","jetpack_sharing_enabled":true,"publishpress_future_action":{"enabled":false,"date":"2026-05-07 01:04:45","action":"change-status","newStatus":"draft","terms":[],"taxonomy":"category","extraData":[]},"publishpress_future_workflow_manual_trigger":{"enabledWorkflows":[]},"_links":{"self":[{"href":"https:\/\/noticiasveracruz.com\/index.php\/wp-json\/wp\/v2\/posts\/72715","targetHints":{"allow":["GET"]}}],"collection":[{"href":"https:\/\/noticiasveracruz.com\/index.php\/wp-json\/wp\/v2\/posts"}],"about":[{"href":"https:\/\/noticiasveracruz.com\/index.php\/wp-json\/wp\/v2\/types\/post"}],"author":[{"embeddable":true,"href":"https:\/\/noticiasveracruz.com\/index.php\/wp-json\/wp\/v2\/users\/4"}],"replies":[{"embeddable":true,"href":"https:\/\/noticiasveracruz.com\/index.php\/wp-json\/wp\/v2\/comments?post=72715"}],"version-history":[{"count":0,"href":"https:\/\/noticiasveracruz.com\/index.php\/wp-json\/wp\/v2\/posts\/72715\/revisions"}],"wp:featuredmedia":[{"embeddable":true,"href":"https:\/\/noticiasveracruz.com\/index.php\/wp-json\/wp\/v2\/media\/71786"}],"wp:attachment":[{"href":"https:\/\/noticiasveracruz.com\/index.php\/wp-json\/wp\/v2\/media?parent=72715"}],"wp:term":[{"taxonomy":"category","embeddable":true,"href":"https:\/\/noticiasveracruz.com\/index.php\/wp-json\/wp\/v2\/categories?post=72715"},{"taxonomy":"post_tag","embeddable":true,"href":"https:\/\/noticiasveracruz.com\/index.php\/wp-json\/wp\/v2\/tags?post=72715"}],"curies":[{"name":"wp","href":"https:\/\/api.w.org\/{rel}","templated":true}]}}