{"id":72700,"date":"2026-01-28T00:16:46","date_gmt":"2026-01-28T06:16:46","guid":{"rendered":"https:\/\/noticiasveracruz.com\/?p=72700"},"modified":"2026-01-27T22:45:32","modified_gmt":"2026-01-28T04:45:32","slug":"veracruz-pide-un-millon-de-vacunas-para-prevenir-brote-de-sarampion","status":"publish","type":"post","link":"https:\/\/noticiasveracruz.com\/index.php\/2026\/01\/28\/veracruz-pide-un-millon-de-vacunas-para-prevenir-brote-de-sarampion\/","title":{"rendered":"Veracruz pide un mill\u00f3n de vacunas para prevenir brote de sarampi\u00f3n"},"content":{"rendered":"<p class=\"nota-justify\">Tras detectarse al menos tres casos de sarampi\u00f3n en el estado de Veracruz durante el 2026, la gobernadora Roc\u00edo Nahle Garc\u00eda se\u00f1al\u00f3 que ha solicitado a la federaci\u00f3n el env\u00edo de m\u00e1s de un mill\u00f3n de dosis de vacunas para prevenir dicha enfermedad.<\/p>\n<p class=\"nota-justify\">Coment\u00f3 que se ha puesto en contacto con el IMSS Bienestar para que se cubra esta solicitud y de esa manera garantizar el acceso a la vacuna a todas las personas que no tiene protecci\u00f3n contra este virus.<\/p>\n<p class=\"nota-justify\">Detall\u00f3 que en el estado de Veracruz ya se ha comenzado a realizar la inoculaci\u00f3n, sin embargo es necesario el env\u00edo de m\u00e1s dosis, lo cual asegur\u00f3 ya fue autorizado por el \u00e1rea de salud del Poder Ejecutivo Federal.<\/p>\n<p class=\"nota-justify\">\u201cArrancamos la campa\u00f1a, empezamos con 250 mil vacunas, pero le ped\u00ed un mill\u00f3n m\u00e1s al IMSS-Bienestar; nos las autorizaron, (\u2026) para que en todo el estado, todas los ni\u00f1os y ni\u00f1as, todos los adultos mayores, las personas que no tienen la vacuna del sarampi\u00f3n, se la coloquen y estar libres de sarampi\u00f3n en Veracruz\u201d, dijo la funcionaria.<\/p>\n<p class=\"nota-justify\">De acuerdo con el informe de la \u201cSituaci\u00f3n actual de sarampi\u00f3n en M\u00e9xico por estado notificante y a\u00f1o de registro, 2025-2026\u201d de la Secretar\u00eda de Salud Federal, la entidad veracruzana ocupa el lugar 18 en incidencia de casos de esta enfermedad.<\/p>\n<p class=\"nota-justify\">Hasta el momento no se registran defunciones relacionadas con sarampi\u00f3n, sin embargo el conocimiento de un posible contagio en el estado ha generado preocupaci\u00f3n entre algunos sectores de la poblaci\u00f3n.<\/p>\n","protected":false},"excerpt":{"rendered":"<p>Tras detectarse al menos tres casos de sarampi\u00f3n en el estado de Veracruz durante el 2026, la gobernadora Roc\u00edo Nahle<\/p>\n","protected":false},"author":4,"featured_media":72701,"comment_status":"closed","ping_status":"closed","sticky":false,"template":"","format":"standard","meta":{"colormag_page_container_layout":"default_layout","colormag_page_sidebar_layout":"default_layout","_jetpack_memberships_contains_paid_content":false,"footnotes":"","jetpack_publicize_message":"","jetpack_publicize_feature_enabled":true,"jetpack_social_post_already_shared":true,"jetpack_social_options":{"image_generator_settings":{"template":"highway","default_image_id":0,"font":"","enabled":false},"version":2}},"categories":[145],"tags":[],"class_list":["post-72700","post","type-post","status-publish","format-standard","has-post-thumbnail","hentry","category-estados"],"jetpack_publicize_connections":[],"jetpack_featured_media_url":"https:\/\/noticiasveracruz.com\/wp-content\/uploads\/2026\/01\/VERVA.jpg","jetpack_sharing_enabled":true,"publishpress_future_action":{"enabled":false,"date":"2026-05-07 04:01:43","action":"change-status","newStatus":"draft","terms":[],"taxonomy":"category","extraData":[]},"publishpress_future_workflow_manual_trigger":{"enabledWorkflows":[]},"_links":{"self":[{"href":"https:\/\/noticiasveracruz.com\/index.php\/wp-json\/wp\/v2\/posts\/72700","targetHints":{"allow":["GET"]}}],"collection":[{"href":"https:\/\/noticiasveracruz.com\/index.php\/wp-json\/wp\/v2\/posts"}],"about":[{"href":"https:\/\/noticiasveracruz.com\/index.php\/wp-json\/wp\/v2\/types\/post"}],"author":[{"embeddable":true,"href":"https:\/\/noticiasveracruz.com\/index.php\/wp-json\/wp\/v2\/users\/4"}],"replies":[{"embeddable":true,"href":"https:\/\/noticiasveracruz.com\/index.php\/wp-json\/wp\/v2\/comments?post=72700"}],"version-history":[{"count":0,"href":"https:\/\/noticiasveracruz.com\/index.php\/wp-json\/wp\/v2\/posts\/72700\/revisions"}],"wp:featuredmedia":[{"embeddable":true,"href":"https:\/\/noticiasveracruz.com\/index.php\/wp-json\/wp\/v2\/media\/72701"}],"wp:attachment":[{"href":"https:\/\/noticiasveracruz.com\/index.php\/wp-json\/wp\/v2\/media?parent=72700"}],"wp:term":[{"taxonomy":"category","embeddable":true,"href":"https:\/\/noticiasveracruz.com\/index.php\/wp-json\/wp\/v2\/categories?post=72700"},{"taxonomy":"post_tag","embeddable":true,"href":"https:\/\/noticiasveracruz.com\/index.php\/wp-json\/wp\/v2\/tags?post=72700"}],"curies":[{"name":"wp","href":"https:\/\/api.w.org\/{rel}","templated":true}]}}