{"id":72667,"date":"2026-01-28T00:05:01","date_gmt":"2026-01-28T06:05:01","guid":{"rendered":"https:\/\/noticiasveracruz.com\/?p=72667"},"modified":"2026-01-27T22:25:54","modified_gmt":"2026-01-28T04:25:54","slug":"sheinbaum-sostiene-encuentro-con-banqueros-en-palacio-nacional","status":"publish","type":"post","link":"https:\/\/noticiasveracruz.com\/index.php\/2026\/01\/28\/sheinbaum-sostiene-encuentro-con-banqueros-en-palacio-nacional\/","title":{"rendered":"Sheinbaum sostiene encuentro con banqueros en Palacio Nacional"},"content":{"rendered":"<p>La presidenta Claudia Sheinbaum Pardo tuvo un encuentro privado este martes con representantes de los bancos instalados en el pa\u00eds, con quienes habl\u00f3 en torno a las perspectivas econ\u00f3micas de M\u00e9xico.<\/p>\n<p>\u201cEn Palacio Nacional nos reunimos con la gobernadora del Banco de M\u00e9xico, Victoria Rodr\u00edguez Ceja, e integrantes de la Asociaci\u00f3n de Bancos de M\u00e9xico para conversar sobre las perspectivas econ\u00f3micas de nuestro pa\u00eds\u201d, indic\u00f3 en su cuenta en la red X.<\/p>\n","protected":false},"excerpt":{"rendered":"<p>La presidenta Claudia Sheinbaum Pardo tuvo un encuentro privado este martes con representantes de los bancos instalados en el pa\u00eds,<\/p>\n","protected":false},"author":4,"featured_media":72668,"comment_status":"closed","ping_status":"closed","sticky":false,"template":"","format":"standard","meta":{"colormag_page_container_layout":"default_layout","colormag_page_sidebar_layout":"default_layout","_jetpack_memberships_contains_paid_content":false,"footnotes":"","jetpack_publicize_message":"","jetpack_publicize_feature_enabled":true,"jetpack_social_post_already_shared":true,"jetpack_social_options":{"image_generator_settings":{"template":"highway","default_image_id":0,"font":"","enabled":false},"version":2}},"categories":[4],"tags":[],"class_list":["post-72667","post","type-post","status-publish","format-standard","has-post-thumbnail","hentry","category-nacional"],"jetpack_publicize_connections":[],"jetpack_featured_media_url":"https:\/\/noticiasveracruz.com\/wp-content\/uploads\/2026\/01\/LOSBAN.jpg","jetpack_sharing_enabled":true,"publishpress_future_action":{"enabled":false,"date":"2026-05-09 02:45:40","action":"change-status","newStatus":"draft","terms":[],"taxonomy":"category","extraData":[]},"publishpress_future_workflow_manual_trigger":{"enabledWorkflows":[]},"_links":{"self":[{"href":"https:\/\/noticiasveracruz.com\/index.php\/wp-json\/wp\/v2\/posts\/72667","targetHints":{"allow":["GET"]}}],"collection":[{"href":"https:\/\/noticiasveracruz.com\/index.php\/wp-json\/wp\/v2\/posts"}],"about":[{"href":"https:\/\/noticiasveracruz.com\/index.php\/wp-json\/wp\/v2\/types\/post"}],"author":[{"embeddable":true,"href":"https:\/\/noticiasveracruz.com\/index.php\/wp-json\/wp\/v2\/users\/4"}],"replies":[{"embeddable":true,"href":"https:\/\/noticiasveracruz.com\/index.php\/wp-json\/wp\/v2\/comments?post=72667"}],"version-history":[{"count":0,"href":"https:\/\/noticiasveracruz.com\/index.php\/wp-json\/wp\/v2\/posts\/72667\/revisions"}],"wp:featuredmedia":[{"embeddable":true,"href":"https:\/\/noticiasveracruz.com\/index.php\/wp-json\/wp\/v2\/media\/72668"}],"wp:attachment":[{"href":"https:\/\/noticiasveracruz.com\/index.php\/wp-json\/wp\/v2\/media?parent=72667"}],"wp:term":[{"taxonomy":"category","embeddable":true,"href":"https:\/\/noticiasveracruz.com\/index.php\/wp-json\/wp\/v2\/categories?post=72667"},{"taxonomy":"post_tag","embeddable":true,"href":"https:\/\/noticiasveracruz.com\/index.php\/wp-json\/wp\/v2\/tags?post=72667"}],"curies":[{"name":"wp","href":"https:\/\/api.w.org\/{rel}","templated":true}]}}