{"id":72658,"date":"2026-01-28T00:02:55","date_gmt":"2026-01-28T06:02:55","guid":{"rendered":"https:\/\/noticiasveracruz.com\/?p=72658"},"modified":"2026-01-27T22:17:34","modified_gmt":"2026-01-28T04:17:34","slug":"beneficia-sev-a-mas-de-13-mil-estudiantes-con-equipamiento-escolar-en-las-altas-montanas","status":"publish","type":"post","link":"https:\/\/noticiasveracruz.com\/index.php\/2026\/01\/28\/beneficia-sev-a-mas-de-13-mil-estudiantes-con-equipamiento-escolar-en-las-altas-montanas\/","title":{"rendered":"Beneficia SEV a m\u00e1s de 13 mil estudiantes con equipamiento escolar en las Altas Monta\u00f1as"},"content":{"rendered":"<p>La Secretar\u00eda de Educaci\u00f3n de Veracruz (SEV) entreg\u00f3 material y equipamiento escolar a 90 escuelas de educaci\u00f3n b\u00e1sica, ubicadas en 17 municipios de la regi\u00f3n de las Altas Monta\u00f1as, en beneficio de 13 mil 911 estudiantes, como parte del fortalecimiento de las condiciones educativas.<\/p>\n<p>&nbsp;<\/p>\n<p>La entrega incluy\u00f3 mil 245 cubetas de pintura, 950 de impermeabilizante, 3 mil 948 sillas para mesa trapezoidal, mil 974 mesas trapezoidales, 340 pizarrones y 61 pantallas, destinados a 62 primarias, 10 secundarias federales y 16 telesecundarias.<\/p>\n<p>&nbsp;<\/p>\n<p>Los planteles beneficiados se localizan en los municipios de C\u00f3rdoba (48), Zentla (18), Orizaba (3), Coscomatepec (2), Ixhuatl\u00e1n del Caf\u00e9 (2), Fort\u00edn de las Flores (2), Omealca (2), Comapa (2) y Tezonapa (2), as\u00ed como Calcahualco, Chocam\u00e1n, Ixtaczoquitl\u00e1n, Cuichapa, Amatl\u00e1n de los Reyes, Paso del Macho y Naranjal, con una escuela en cada uno.<\/p>\n<p>&nbsp;<\/p>\n<p>Las entregas fueron encabezadas por la titular de la dependencia, Claudia Tello Espinosa, quien reafirm\u00f3 el compromiso de la gobernadora Roc\u00edo Nahle Garc\u00eda de respaldar a las comunidades escolares mediante inversi\u00f3n directa, focalizada y acorde a las necesidades espec\u00edficas de cada plantel.<\/p>\n<p>&nbsp;<\/p>\n<p>Reiter\u00f3 la misi\u00f3n de la SEV de trabajar con responsabilidad, criterio t\u00e9cnico y sensibilidad social, con el objetivo de mejorar las condiciones f\u00edsicas de las escuelas y fortalecer el proceso educativo en la entidad.<\/p>\n","protected":false},"excerpt":{"rendered":"<p>La Secretar\u00eda de Educaci\u00f3n de Veracruz (SEV) entreg\u00f3 material y equipamiento escolar a 90 escuelas de educaci\u00f3n b\u00e1sica, ubicadas en<\/p>\n","protected":false},"author":4,"featured_media":72659,"comment_status":"closed","ping_status":"closed","sticky":false,"template":"","format":"standard","meta":{"colormag_page_container_layout":"default_layout","colormag_page_sidebar_layout":"default_layout","_jetpack_memberships_contains_paid_content":false,"footnotes":"","jetpack_publicize_message":"","jetpack_publicize_feature_enabled":true,"jetpack_social_post_already_shared":true,"jetpack_social_options":{"image_generator_settings":{"template":"highway","default_image_id":0,"font":"","enabled":false},"version":2}},"categories":[356],"tags":[],"class_list":["post-72658","post","type-post","status-publish","format-standard","has-post-thumbnail","hentry","category-veracruz"],"jetpack_publicize_connections":[],"jetpack_featured_media_url":"https:\/\/noticiasveracruz.com\/wp-content\/uploads\/2026\/01\/WhatsApp-Image-2026-01-27-at-08.59.55-1.jpeg","jetpack_sharing_enabled":true,"publishpress_future_action":{"enabled":false,"date":"2026-05-07 01:13:08","action":"change-status","newStatus":"draft","terms":[],"taxonomy":"category","extraData":[]},"publishpress_future_workflow_manual_trigger":{"enabledWorkflows":[]},"_links":{"self":[{"href":"https:\/\/noticiasveracruz.com\/index.php\/wp-json\/wp\/v2\/posts\/72658","targetHints":{"allow":["GET"]}}],"collection":[{"href":"https:\/\/noticiasveracruz.com\/index.php\/wp-json\/wp\/v2\/posts"}],"about":[{"href":"https:\/\/noticiasveracruz.com\/index.php\/wp-json\/wp\/v2\/types\/post"}],"author":[{"embeddable":true,"href":"https:\/\/noticiasveracruz.com\/index.php\/wp-json\/wp\/v2\/users\/4"}],"replies":[{"embeddable":true,"href":"https:\/\/noticiasveracruz.com\/index.php\/wp-json\/wp\/v2\/comments?post=72658"}],"version-history":[{"count":0,"href":"https:\/\/noticiasveracruz.com\/index.php\/wp-json\/wp\/v2\/posts\/72658\/revisions"}],"wp:featuredmedia":[{"embeddable":true,"href":"https:\/\/noticiasveracruz.com\/index.php\/wp-json\/wp\/v2\/media\/72659"}],"wp:attachment":[{"href":"https:\/\/noticiasveracruz.com\/index.php\/wp-json\/wp\/v2\/media?parent=72658"}],"wp:term":[{"taxonomy":"category","embeddable":true,"href":"https:\/\/noticiasveracruz.com\/index.php\/wp-json\/wp\/v2\/categories?post=72658"},{"taxonomy":"post_tag","embeddable":true,"href":"https:\/\/noticiasveracruz.com\/index.php\/wp-json\/wp\/v2\/tags?post=72658"}],"curies":[{"name":"wp","href":"https:\/\/api.w.org\/{rel}","templated":true}]}}