{"id":72652,"date":"2026-01-27T00:38:54","date_gmt":"2026-01-27T06:38:54","guid":{"rendered":"https:\/\/noticiasveracruz.com\/?p=72652"},"modified":"2026-01-27T00:38:54","modified_gmt":"2026-01-27T06:38:54","slug":"alcalde-de-ny-pide-abolir-el-ice-tras-muerte-de-civiles-en-operativos","status":"publish","type":"post","link":"https:\/\/noticiasveracruz.com\/index.php\/2026\/01\/27\/alcalde-de-ny-pide-abolir-el-ice-tras-muerte-de-civiles-en-operativos\/","title":{"rendered":"Alcalde de NY pide abolir el ICE tras muerte de civiles en operativos"},"content":{"rendered":"<p class=\"nota-justify\">El alcalde de Nueva York, Zohran Mamdani llam\u00f3 este lunes a abolir al\u00a0Servicio de Control de Inmigraci\u00f3n y Aduanas de\u00a0\u00a0Estados Unidos (ICE) en una publicaci\u00f3n en X.<\/p>\n<p class=\"nota-justify\">\u201cEl ICE asesin\u00f3 a Ren\u00e9e Good a plena luz del d\u00eda. Menos de tres semanas despu\u00e9s, asesinaron a Alex Pretti, dispar\u00e1ndole 10 veces. Cada d\u00eda, vemos c\u00f3mo secuestran a personas de sus autos, sus casa, sus vidas. No podemos permitirnos ignorar esta crueldad. \u00a1Abolir el ICE!\u201d<\/p>\n<p class=\"nota-justify\">Sus palabras fueron acompa\u00f1adas por un video en el que el alcalde prometi\u00f3 que lo que est\u00e1 ocurriendo en Mine\u00e1polis no ocurrir\u00e1 en Nueva York.<\/p>\n<p class=\"nota-justify\">\u201cCreo que hay muchos americanos que no creen lo que sus ojos han visto, no creen lo que sus o\u00eddos han escuchado, no creen sus propias realidades y la gente quiere ver la verdad y por eso he descrito esto como un asesinato porque no existe otra manera de ver ese video y de llegar a otra conclusi\u00f3n\u201d, dijo Mamdani, en relaci\u00f3n con el video de la muerte del enfermero Pretti de 37 a\u00f1os.<\/p>\n<p class=\"nota-justify\">A\u00f1adi\u00f3 que \u201cnosotros sabemos que el miedo que muchos est\u00e1n sintiendo en Mine\u00e1polis, es el miedo que los neoyorquinos tambi\u00e9n est\u00e1n sintiendo, un miedo de ser aterrorizados y yo har\u00e9 todo lo que est\u00e9 en mi poder para asegurar que esto no tenga lugar en la ciudad de Nueva York. Y tambi\u00e9n le he dicho al presidente que estas redadas del ICE son crueles e inhumanas y que no hacen nada para servir a los intereses de la seguridad p\u00fablica\u201d, concluy\u00f3 Mamdani.<\/p>\n","protected":false},"excerpt":{"rendered":"<p>El alcalde de Nueva York, Zohran Mamdani llam\u00f3 este lunes a abolir al\u00a0Servicio de Control de Inmigraci\u00f3n y Aduanas de\u00a0\u00a0Estados<\/p>\n","protected":false},"author":4,"featured_media":72653,"comment_status":"closed","ping_status":"closed","sticky":false,"template":"","format":"standard","meta":{"colormag_page_container_layout":"default_layout","colormag_page_sidebar_layout":"default_layout","_jetpack_memberships_contains_paid_content":false,"footnotes":"","jetpack_publicize_message":"","jetpack_publicize_feature_enabled":true,"jetpack_social_post_already_shared":true,"jetpack_social_options":{"image_generator_settings":{"template":"highway","default_image_id":0,"font":"","enabled":false},"version":2}},"categories":[355],"tags":[],"class_list":["post-72652","post","type-post","status-publish","format-standard","has-post-thumbnail","hentry","category-internacional"],"jetpack_publicize_connections":[],"jetpack_featured_media_url":"https:\/\/noticiasveracruz.com\/wp-content\/uploads\/2026\/01\/ICCEE-1.jpg","jetpack_sharing_enabled":true,"publishpress_future_action":{"enabled":false,"date":"2026-05-07 02:00:59","action":"change-status","newStatus":"draft","terms":[],"taxonomy":"category","extraData":[]},"publishpress_future_workflow_manual_trigger":{"enabledWorkflows":[]},"_links":{"self":[{"href":"https:\/\/noticiasveracruz.com\/index.php\/wp-json\/wp\/v2\/posts\/72652","targetHints":{"allow":["GET"]}}],"collection":[{"href":"https:\/\/noticiasveracruz.com\/index.php\/wp-json\/wp\/v2\/posts"}],"about":[{"href":"https:\/\/noticiasveracruz.com\/index.php\/wp-json\/wp\/v2\/types\/post"}],"author":[{"embeddable":true,"href":"https:\/\/noticiasveracruz.com\/index.php\/wp-json\/wp\/v2\/users\/4"}],"replies":[{"embeddable":true,"href":"https:\/\/noticiasveracruz.com\/index.php\/wp-json\/wp\/v2\/comments?post=72652"}],"version-history":[{"count":0,"href":"https:\/\/noticiasveracruz.com\/index.php\/wp-json\/wp\/v2\/posts\/72652\/revisions"}],"wp:featuredmedia":[{"embeddable":true,"href":"https:\/\/noticiasveracruz.com\/index.php\/wp-json\/wp\/v2\/media\/72653"}],"wp:attachment":[{"href":"https:\/\/noticiasveracruz.com\/index.php\/wp-json\/wp\/v2\/media?parent=72652"}],"wp:term":[{"taxonomy":"category","embeddable":true,"href":"https:\/\/noticiasveracruz.com\/index.php\/wp-json\/wp\/v2\/categories?post=72652"},{"taxonomy":"post_tag","embeddable":true,"href":"https:\/\/noticiasveracruz.com\/index.php\/wp-json\/wp\/v2\/tags?post=72652"}],"curies":[{"name":"wp","href":"https:\/\/api.w.org\/{rel}","templated":true}]}}