{"id":72643,"date":"2026-01-27T00:34:44","date_gmt":"2026-01-27T06:34:44","guid":{"rendered":"https:\/\/noticiasveracruz.com\/?p=72643"},"modified":"2026-01-27T00:34:44","modified_gmt":"2026-01-27T06:34:44","slug":"izquierda-chilena-se-divide-tras-polemica-judicial-y-derrota-electoral","status":"publish","type":"post","link":"https:\/\/noticiasveracruz.com\/index.php\/2026\/01\/27\/izquierda-chilena-se-divide-tras-polemica-judicial-y-derrota-electoral\/","title":{"rendered":"Izquierda chilena se divide tras pol\u00e9mica judicial y derrota electoral"},"content":{"rendered":"<p class=\"nota-justify\">Transcurridas seis semanas desde la aplastante derrota en la segunda vuelta presidencial del 14 de diciembre a manos del ultraderechista Jos\u00e9 Antonio Kast -obtuvo 16 puntos porcentuales de ventaja-, la izquierda chilena ha roto la fr\u00e1gil unidad pragm\u00e1tica que manten\u00eda en torno al gobierno de Gabriel Boric y ahora se hunde en recriminaciones y en cobrar antiguas cuentas pendientes.<\/p>\n<p class=\"nota-justify\">La ruptura no fue instant\u00e1nea, se precipit\u00f3 un mes despu\u00e9s, cuando se conoci\u00f3 un veredicto judicial que absolvi\u00f3 de responsabilidad penal al ex teniente coronel de carabineros Claudio Crespo, pese a establecer que \u00e9l dispar\u00f3, el 8 de noviembre de 2019, una escopeta de perdigones que impactaron en el rostro del entonces estudiante de sicolog\u00eda y ahora diputado electo Gustavo Gatica, ceg\u00e1ndolo de por vida.<\/p>\n<p class=\"nota-justify\">El veredicto hizo que parlamentarios de los partidos oficialistas Frente Amplio (FA) -en el cual milita Boric- y Comunista (PC), la emprendieran contra sus pares entonces aliados de los partidos Socialista (PS) y Por la Democracia (PPD). Los responsabilizaron que con sus votos, en abril de 2023, se aprob\u00f3 una ley que estableci\u00f3 la \u201cleg\u00edtima defensa privilegiada\u201d de los polic\u00edas, presumiendo que al usar sus armas de fuego, lo hacen necesariamente para proteger su vida o integridad, o la de terceros, en cumplimiento de funciones, reduciendo su responsabilidad penal, con lo cual se \u201creforz\u00f3 la permisividad frente al uso desproporcionado de la fuerza\u201d, dijeron.<\/p>\n<p class=\"nota-justify\">Esa legislaci\u00f3n fue aplicada por los jueces para absolver a Crespo.<\/p>\n<p class=\"nota-justify\">Impulsada por diputados derechistas e inicialmente descrita como \u201cgatillo f\u00e1cil\u201d por la entonces ministra del Interior, Carolina Toh\u00e1, fue aprobada tras el asesinato de varios carabineros, elevando la pena por el homicidio de un funcionario a presidio perpetuo calificado.<\/p>\n<p class=\"nota-justify\">Pero de inmediato gener\u00f3 pol\u00e9mica sobre posibles impunidades en casos de derechos humanos, centenares tras el estallido social de 2019.<\/p>\n<p class=\"nota-justify\">Comunistas y frente amplistas argumentaron que no apoyaron la \u201cdefensa privilegiada\u201d, mientras que desde el PS y PPD respondieron que fue respaldada por el gobierno de Boric.<\/p>\n<p class=\"nota-justify\">Usando ep\u00edtetos como \u201coportunismo\u201d, \u201cdeslealtad\u201d y \u201cdeshonestidad intelectual\u201d, los socialistas se retiraron del comit\u00e9 pol\u00edtico gubernamental.<\/p>\n<p class=\"nota-justify\">\u201cNo tenemos por qu\u00e9 tolerar ataques arteros de quienes son o eran nuestros compa\u00f1eros de coalici\u00f3n\u201d, dijeron.<\/p>\n<p class=\"nota-justify\">Pero el desenlace del caso Gatica no es m\u00e1s que la gota que rebals\u00f3 el vaso en una relaci\u00f3n que ven\u00eda trizada, marcada por un historial de resquemores de larga data.<\/p>\n<p class=\"nota-justify\">El PS, el PPD, la Democracia Cristiana y la Federaci\u00f3n Regionalista Verde Social, acordaron integrar una coalici\u00f3n sin el FA ni el PC.<\/p>\n<p class=\"nota-justify\">Desde el PS hablaron de \u201ccierre de ciclo, terminando el gobierno (\u2026) proyect\u00e1ndonos a lo que viene, un nuevo ciclo\u00bb, dijo Vod\u00e1novic.<\/p>\n<p class=\"nota-justify\">Mientras que el presidente del PPD, Jaime Quintana, coment\u00f3 que \u00abtenemos responsabilidades con el gobierno que honraremos hasta el \u00faltimo d\u00eda\u00bb, pero confirm\u00f3 que \u201chabr\u00e1 distintas oposiciones\u201d al ejecutivo de Kast.<\/p>\n<p class=\"nota-justify\">Boric, cuyo presidencia acabar\u00e1 el 11 de marzo con el colof\u00f3n de los desastrosos incendios forestales que han dejado 21 muertos, unas 2 mil casas destruidas y de momento cerca de 50 mil hect\u00e1reas arrasadas, emplaz\u00f3 a las dirigencias izquierdistas.<\/p>\n<p class=\"nota-justify\">\u201cEl Ejecutivo en pleno est\u00e1 dedicado a estar donde se necesita para los ciudadanos afectados por la cat\u00e1strofe. Yo lo que le pido a todos los partidos pol\u00edticos, es que se pongan a la altura de la situaci\u00f3n. La gente no quiere ver peleas, declaraciones cruzadas por la prensa. Al final del d\u00eda, esas cosas terminan alejando a la gente de la pol\u00edtica. Nos quieren ver trabajando unidos por Chile. Por favor, de una vez por todas, p\u00f3nganse a la altura\u00bb, dijo.<\/p>\n","protected":false},"excerpt":{"rendered":"<p>Transcurridas seis semanas desde la aplastante derrota en la segunda vuelta presidencial del 14 de diciembre a manos del ultraderechista<\/p>\n","protected":false},"author":4,"featured_media":72644,"comment_status":"closed","ping_status":"closed","sticky":false,"template":"","format":"standard","meta":{"colormag_page_container_layout":"default_layout","colormag_page_sidebar_layout":"default_layout","_jetpack_memberships_contains_paid_content":false,"footnotes":"","jetpack_publicize_message":"","jetpack_publicize_feature_enabled":true,"jetpack_social_post_already_shared":true,"jetpack_social_options":{"image_generator_settings":{"template":"highway","default_image_id":0,"font":"","enabled":false},"version":2}},"categories":[355],"tags":[],"class_list":["post-72643","post","type-post","status-publish","format-standard","has-post-thumbnail","hentry","category-internacional"],"jetpack_publicize_connections":[],"jetpack_featured_media_url":"https:\/\/noticiasveracruz.com\/wp-content\/uploads\/2026\/01\/CHIL.jpg","jetpack_sharing_enabled":true,"publishpress_future_action":{"enabled":false,"date":"2026-05-07 05:15:34","action":"change-status","newStatus":"draft","terms":[],"taxonomy":"category","extraData":[]},"publishpress_future_workflow_manual_trigger":{"enabledWorkflows":[]},"_links":{"self":[{"href":"https:\/\/noticiasveracruz.com\/index.php\/wp-json\/wp\/v2\/posts\/72643","targetHints":{"allow":["GET"]}}],"collection":[{"href":"https:\/\/noticiasveracruz.com\/index.php\/wp-json\/wp\/v2\/posts"}],"about":[{"href":"https:\/\/noticiasveracruz.com\/index.php\/wp-json\/wp\/v2\/types\/post"}],"author":[{"embeddable":true,"href":"https:\/\/noticiasveracruz.com\/index.php\/wp-json\/wp\/v2\/users\/4"}],"replies":[{"embeddable":true,"href":"https:\/\/noticiasveracruz.com\/index.php\/wp-json\/wp\/v2\/comments?post=72643"}],"version-history":[{"count":0,"href":"https:\/\/noticiasveracruz.com\/index.php\/wp-json\/wp\/v2\/posts\/72643\/revisions"}],"wp:featuredmedia":[{"embeddable":true,"href":"https:\/\/noticiasveracruz.com\/index.php\/wp-json\/wp\/v2\/media\/72644"}],"wp:attachment":[{"href":"https:\/\/noticiasveracruz.com\/index.php\/wp-json\/wp\/v2\/media?parent=72643"}],"wp:term":[{"taxonomy":"category","embeddable":true,"href":"https:\/\/noticiasveracruz.com\/index.php\/wp-json\/wp\/v2\/categories?post=72643"},{"taxonomy":"post_tag","embeddable":true,"href":"https:\/\/noticiasveracruz.com\/index.php\/wp-json\/wp\/v2\/tags?post=72643"}],"curies":[{"name":"wp","href":"https:\/\/api.w.org\/{rel}","templated":true}]}}