{"id":72601,"date":"2026-01-27T00:06:02","date_gmt":"2026-01-27T06:06:02","guid":{"rendered":"https:\/\/noticiasveracruz.com\/?p=72601"},"modified":"2026-01-27T00:06:02","modified_gmt":"2026-01-27T06:06:02","slug":"stpsp-abre-convocatoria-del-programa-de-apoyo-al-empleo-2026-en-veracruz","status":"publish","type":"post","link":"https:\/\/noticiasveracruz.com\/index.php\/2026\/01\/27\/stpsp-abre-convocatoria-del-programa-de-apoyo-al-empleo-2026-en-veracruz\/","title":{"rendered":"STPSP abre convocatoria del Programa de Apoyo al Empleo 2026 en Veracruz"},"content":{"rendered":"<p>La Secretar\u00eda de Trabajo, Previsi\u00f3n Social y Productividad abri\u00f3 la convocatoria del Programa de Apoyo al Empleo 2026, una estrategia enfocada en impulsar la colocaci\u00f3n laboral, fortalecer habilidades productivas y mejorar la vinculaci\u00f3n entre personas buscadoras de empleo y el sector productivo.<\/p>\n<p>El programa est\u00e1 dirigido a personas mayores de 18 a\u00f1os que se encuentren desempleadas o en condici\u00f3n de subempleo. A trav\u00e9s de este esquema se ofrecer\u00e1 capacitaci\u00f3n para el trabajo, apoyos para la vinculaci\u00f3n con empresas y empleadores formales, as\u00ed como opciones de movilidad laboral, tanto interna como externa, bajo condiciones legales, seguras y ordenadas.<\/p>\n<p>Las personas interesadas podr\u00e1n consultar requisitos y procedimientos en las oficinas del Servicio Nacional de Empleo en Veracruz, adem\u00e1s de los canales oficiales de la dependencia estatal.<\/p>\n<p>La Secretar\u00eda reiter\u00f3 que todos los servicios y apoyos del Programa de Apoyo al Empleo son gratuitos, por lo que exhort\u00f3 a la poblaci\u00f3n a no dejarse enga\u00f1ar por intermediarios. Asimismo, se\u00f1al\u00f3 que esta estrategia busca acercar oportunidades laborales reales a las distintas regiones del estado.<\/p>\n<p>El PAE 2026 forma parte de las acciones impulsadas por la gobernadora Roc\u00edo Nahle Garc\u00eda para consolidar una pol\u00edtica laboral con enfoque social, territorial y de bienestar, orientada a garantizar el acceso a empleos dignos y con pleno respeto a los derechos laborales.<\/p>\n","protected":false},"excerpt":{"rendered":"<p>La Secretar\u00eda de Trabajo, Previsi\u00f3n Social y Productividad abri\u00f3 la convocatoria del Programa de Apoyo al Empleo 2026, una estrategia<\/p>\n","protected":false},"author":4,"featured_media":72602,"comment_status":"closed","ping_status":"closed","sticky":false,"template":"","format":"standard","meta":{"colormag_page_container_layout":"default_layout","colormag_page_sidebar_layout":"default_layout","_jetpack_memberships_contains_paid_content":false,"footnotes":"","jetpack_publicize_message":"","jetpack_publicize_feature_enabled":true,"jetpack_social_post_already_shared":true,"jetpack_social_options":{"image_generator_settings":{"template":"highway","default_image_id":0,"font":"","enabled":false},"version":2}},"categories":[356],"tags":[],"class_list":["post-72601","post","type-post","status-publish","format-standard","has-post-thumbnail","hentry","category-veracruz"],"jetpack_publicize_connections":[],"jetpack_featured_media_url":"https:\/\/noticiasveracruz.com\/wp-content\/uploads\/2026\/01\/EMPL.jpg","jetpack_sharing_enabled":true,"publishpress_future_action":{"enabled":false,"date":"2026-05-09 02:46:01","action":"change-status","newStatus":"draft","terms":[],"taxonomy":"category","extraData":[]},"publishpress_future_workflow_manual_trigger":{"enabledWorkflows":[]},"_links":{"self":[{"href":"https:\/\/noticiasveracruz.com\/index.php\/wp-json\/wp\/v2\/posts\/72601","targetHints":{"allow":["GET"]}}],"collection":[{"href":"https:\/\/noticiasveracruz.com\/index.php\/wp-json\/wp\/v2\/posts"}],"about":[{"href":"https:\/\/noticiasveracruz.com\/index.php\/wp-json\/wp\/v2\/types\/post"}],"author":[{"embeddable":true,"href":"https:\/\/noticiasveracruz.com\/index.php\/wp-json\/wp\/v2\/users\/4"}],"replies":[{"embeddable":true,"href":"https:\/\/noticiasveracruz.com\/index.php\/wp-json\/wp\/v2\/comments?post=72601"}],"version-history":[{"count":0,"href":"https:\/\/noticiasveracruz.com\/index.php\/wp-json\/wp\/v2\/posts\/72601\/revisions"}],"wp:featuredmedia":[{"embeddable":true,"href":"https:\/\/noticiasveracruz.com\/index.php\/wp-json\/wp\/v2\/media\/72602"}],"wp:attachment":[{"href":"https:\/\/noticiasveracruz.com\/index.php\/wp-json\/wp\/v2\/media?parent=72601"}],"wp:term":[{"taxonomy":"category","embeddable":true,"href":"https:\/\/noticiasveracruz.com\/index.php\/wp-json\/wp\/v2\/categories?post=72601"},{"taxonomy":"post_tag","embeddable":true,"href":"https:\/\/noticiasveracruz.com\/index.php\/wp-json\/wp\/v2\/tags?post=72601"}],"curies":[{"name":"wp","href":"https:\/\/api.w.org\/{rel}","templated":true}]}}