{"id":72598,"date":"2026-01-27T00:04:54","date_gmt":"2026-01-27T06:04:54","guid":{"rendered":"https:\/\/noticiasveracruz.com\/?p=72598"},"modified":"2026-01-27T00:04:54","modified_gmt":"2026-01-27T06:04:54","slug":"veracruz-se-anticipa-a-riesgos-sanitarios","status":"publish","type":"post","link":"https:\/\/noticiasveracruz.com\/index.php\/2026\/01\/27\/veracruz-se-anticipa-a-riesgos-sanitarios\/","title":{"rendered":"Veracruz se anticipa a riesgos sanitarios"},"content":{"rendered":"<p>La gobernadora Roc\u00edo Nahle Garc\u00eda, junto con autoridades de salud estatal y federal, dio el arranque a la Campa\u00f1a estatal intensiva contra el sarampi\u00f3n, para evitar brotes o casos aislados en Veracruz mediante una cobertura total de vacunaci\u00f3n.<\/p>\n<p>Desde la regi\u00f3n de Los Tuxtlas, instruy\u00f3 garantizar el abasto de dosis en los 813 centros de salud y 60 hospitales p\u00fablicos, con una cobertura territorial sin excepciones. \u201cNo vamos a reaccionar tarde, vamos a prevenir\u201d, subray\u00f3.<\/p>\n<p>Remarc\u00f3 que la meta es proteger al 100 por ciento de la poblaci\u00f3n, con prioridad en ni\u00f1as y ni\u00f1os, especialmente quienes no completaron sus esquemas de vacunaci\u00f3n durante la contingencia por COVID-19, as\u00ed como en personas adultas que no cuenten con registro o certeza de haber recibido la dosis correspondiente.<\/p>\n<p>Asimismo, destac\u00f3 que, como titular del Ejecutivo estatal, su responsabilidad es asegurar el funcionamiento del sistema de salud mediante el suministro de insumos, la correcci\u00f3n de procesos administrativos y la facilitaci\u00f3n del trabajo del personal sanitario, para que pueda concentrarse en lo esencial.<\/p>\n<p>\u201cMe corresponde hacerles la vida m\u00e1s f\u00e1cil para que ustedes hagan lo m\u00e1s importante: cuidar la vida y la salud de las y los veracruzanos\u201d.<\/p>\n<p>La vacunaci\u00f3n se realiza de manera coordinada entre las 11 jurisdicciones sanitarias de la Secretar\u00eda de Salud y el IMSS-Bienestar, ya que \u201cla gente no distingue competencias; lo que exige son resultados\u201d.<\/p>\n<p>Durante su intervenci\u00f3n, la secretaria de Salud, Mariela Hern\u00e1ndez Garc\u00eda, se\u00f1al\u00f3 que la inoculaci\u00f3n es una de las acciones de salud p\u00fablica m\u00e1s efectivas para prevenir enfermedades y salvar vidas, por lo que esta campa\u00f1a reafirma el compromiso de Veracruz con la protecci\u00f3n de la poblaci\u00f3n, en especial de quienes no cuentan con seguridad social.<\/p>\n<p>Por su parte, el coordinador estatal del IMSS-Bienestar, Roberto Ramos Alor, explic\u00f3 que Veracruz se mantiene en alerta permanente y cuenta con un comit\u00e9 t\u00e9cnico-cient\u00edfico especializado para atender cualquier riesgo sanitario.<\/p>\n","protected":false},"excerpt":{"rendered":"<p>La gobernadora Roc\u00edo Nahle Garc\u00eda, junto con autoridades de salud estatal y federal, dio el arranque a la Campa\u00f1a estatal<\/p>\n","protected":false},"author":4,"featured_media":72599,"comment_status":"closed","ping_status":"closed","sticky":false,"template":"","format":"standard","meta":{"colormag_page_container_layout":"default_layout","colormag_page_sidebar_layout":"default_layout","_jetpack_memberships_contains_paid_content":false,"footnotes":"","jetpack_publicize_message":"","jetpack_publicize_feature_enabled":true,"jetpack_social_post_already_shared":true,"jetpack_social_options":{"image_generator_settings":{"template":"highway","default_image_id":0,"font":"","enabled":false},"version":2}},"categories":[356],"tags":[],"class_list":["post-72598","post","type-post","status-publish","format-standard","has-post-thumbnail","hentry","category-veracruz"],"jetpack_publicize_connections":[],"jetpack_featured_media_url":"https:\/\/noticiasveracruz.com\/wp-content\/uploads\/2026\/01\/SAN.jpg","jetpack_sharing_enabled":true,"publishpress_future_action":{"enabled":false,"date":"2026-05-07 02:13:08","action":"change-status","newStatus":"draft","terms":[],"taxonomy":"category","extraData":[]},"publishpress_future_workflow_manual_trigger":{"enabledWorkflows":[]},"_links":{"self":[{"href":"https:\/\/noticiasveracruz.com\/index.php\/wp-json\/wp\/v2\/posts\/72598","targetHints":{"allow":["GET"]}}],"collection":[{"href":"https:\/\/noticiasveracruz.com\/index.php\/wp-json\/wp\/v2\/posts"}],"about":[{"href":"https:\/\/noticiasveracruz.com\/index.php\/wp-json\/wp\/v2\/types\/post"}],"author":[{"embeddable":true,"href":"https:\/\/noticiasveracruz.com\/index.php\/wp-json\/wp\/v2\/users\/4"}],"replies":[{"embeddable":true,"href":"https:\/\/noticiasveracruz.com\/index.php\/wp-json\/wp\/v2\/comments?post=72598"}],"version-history":[{"count":0,"href":"https:\/\/noticiasveracruz.com\/index.php\/wp-json\/wp\/v2\/posts\/72598\/revisions"}],"wp:featuredmedia":[{"embeddable":true,"href":"https:\/\/noticiasveracruz.com\/index.php\/wp-json\/wp\/v2\/media\/72599"}],"wp:attachment":[{"href":"https:\/\/noticiasveracruz.com\/index.php\/wp-json\/wp\/v2\/media?parent=72598"}],"wp:term":[{"taxonomy":"category","embeddable":true,"href":"https:\/\/noticiasveracruz.com\/index.php\/wp-json\/wp\/v2\/categories?post=72598"},{"taxonomy":"post_tag","embeddable":true,"href":"https:\/\/noticiasveracruz.com\/index.php\/wp-json\/wp\/v2\/tags?post=72598"}],"curies":[{"name":"wp","href":"https:\/\/api.w.org\/{rel}","templated":true}]}}