{"id":72595,"date":"2026-01-27T00:04:14","date_gmt":"2026-01-27T06:04:14","guid":{"rendered":"https:\/\/noticiasveracruz.com\/?p=72595"},"modified":"2026-01-27T00:04:14","modified_gmt":"2026-01-27T06:04:14","slug":"publica-sev-convocatoria","status":"publish","type":"post","link":"https:\/\/noticiasveracruz.com\/index.php\/2026\/01\/27\/publica-sev-convocatoria\/","title":{"rendered":"Publica SEV convocatoria"},"content":{"rendered":"<p>La Secretar\u00eda de Educaci\u00f3n de Veracruz (SEV) informa que del 03 al 13 de febrero tendr\u00e1 lugar el proceso de preinscripciones para escuelas p\u00fablicas y privadas de Educaci\u00f3n B\u00e1sica, correspondiente al ciclo escolar 2026\u20132027.<\/p>\n<p>A trav\u00e9s de la Subsecretar\u00eda de Educaci\u00f3n B\u00e1sica se informan las disposiciones del proceso en el enlace\u00a0<a href=\"http:\/\/mi.sev.gob.mx\/\">http:\/\/mi.sev.gob.mx\/<\/a>, por lo que se invita a las madres, padres de familia y tutores a preinscribir a sus hijas e hijos.<\/p>\n<p>En preescolar, la prioridad ser\u00e1 para ni\u00f1as y ni\u00f1os de 4 y 5 a\u00f1os cumplidos al 31 de diciembre de 2026, para su ingreso a segundo y tercer grado, respectivamente. Las ni\u00f1as y los ni\u00f1os de 3 a\u00f1os ser\u00e1n atendidos \u00fanicamente si el plantel cuenta con la infraestructura f\u00edsica y los recursos humanos necesarios.<\/p>\n<p>Para primaria, en primer grado, podr\u00e1n registrarse las ni\u00f1as y los ni\u00f1os que tengan 6 a\u00f1os cumplidos al 31 de diciembre de 2026, sin que se autoricen dispensas de edad.<\/p>\n<p>Asimismo, para secundaria, el registro previo a primer grado est\u00e1 dirigido a las y los alumnos que est\u00e9n cursando sexto grado de primaria, o bien, que sean egresados de este nivel. Si el aspirante tiene entre 12 y 14 a\u00f1os, podr\u00e1 registrarse en secundarias generales o t\u00e9cnicas; en caso de tener entre 12 y 15 a\u00f1os, tendr\u00e1 disponible la modalidad de telesecundaria.<\/p>\n<p>A las y los menores de 18 a\u00f1os les corresponder\u00e1n los servicios educativos en comunidades rurales e ind\u00edgenas, as\u00ed como en centros escolares para poblaci\u00f3n migrante que carezcan de educaci\u00f3n secundaria para adultos.<\/p>\n<p>El proceso no estar\u00e1 sujeto al pago de aportaciones econ\u00f3micas y\/o en especie, ni a cualquier otro condicionante adicional, ya que de lo contrario se infringe el precepto constitucional y legal de la gratuidad de la educaci\u00f3n.<\/p>\n<p>Las escuelas de alta demanda, as\u00ed como aquellas interesadas en realizar su proceso de preinscripci\u00f3n en l\u00ednea para madres, padres de familia y tutores, lo dar\u00e1n a conocer de manera oportuna a la comunidad. Las y los directivos ser\u00e1n responsables de informar la capacidad de matr\u00edcula de cada plantel para los primeros grados.<\/p>\n","protected":false},"excerpt":{"rendered":"<p>La Secretar\u00eda de Educaci\u00f3n de Veracruz (SEV) informa que del 03 al 13 de febrero tendr\u00e1 lugar el proceso de<\/p>\n","protected":false},"author":4,"featured_media":72596,"comment_status":"closed","ping_status":"closed","sticky":false,"template":"","format":"standard","meta":{"colormag_page_container_layout":"default_layout","colormag_page_sidebar_layout":"default_layout","_jetpack_memberships_contains_paid_content":false,"footnotes":"","jetpack_publicize_message":"","jetpack_publicize_feature_enabled":true,"jetpack_social_post_already_shared":true,"jetpack_social_options":{"image_generator_settings":{"template":"highway","default_image_id":0,"font":"","enabled":false},"version":2}},"categories":[356],"tags":[],"class_list":["post-72595","post","type-post","status-publish","format-standard","has-post-thumbnail","hentry","category-veracruz"],"jetpack_publicize_connections":[],"jetpack_featured_media_url":"https:\/\/noticiasveracruz.com\/wp-content\/uploads\/2026\/01\/SEV.jpg","jetpack_sharing_enabled":true,"publishpress_future_action":{"enabled":false,"date":"2026-05-07 02:01:17","action":"change-status","newStatus":"draft","terms":[],"taxonomy":"category","extraData":[]},"publishpress_future_workflow_manual_trigger":{"enabledWorkflows":[]},"_links":{"self":[{"href":"https:\/\/noticiasveracruz.com\/index.php\/wp-json\/wp\/v2\/posts\/72595","targetHints":{"allow":["GET"]}}],"collection":[{"href":"https:\/\/noticiasveracruz.com\/index.php\/wp-json\/wp\/v2\/posts"}],"about":[{"href":"https:\/\/noticiasveracruz.com\/index.php\/wp-json\/wp\/v2\/types\/post"}],"author":[{"embeddable":true,"href":"https:\/\/noticiasveracruz.com\/index.php\/wp-json\/wp\/v2\/users\/4"}],"replies":[{"embeddable":true,"href":"https:\/\/noticiasveracruz.com\/index.php\/wp-json\/wp\/v2\/comments?post=72595"}],"version-history":[{"count":0,"href":"https:\/\/noticiasveracruz.com\/index.php\/wp-json\/wp\/v2\/posts\/72595\/revisions"}],"wp:featuredmedia":[{"embeddable":true,"href":"https:\/\/noticiasveracruz.com\/index.php\/wp-json\/wp\/v2\/media\/72596"}],"wp:attachment":[{"href":"https:\/\/noticiasveracruz.com\/index.php\/wp-json\/wp\/v2\/media?parent=72595"}],"wp:term":[{"taxonomy":"category","embeddable":true,"href":"https:\/\/noticiasveracruz.com\/index.php\/wp-json\/wp\/v2\/categories?post=72595"},{"taxonomy":"post_tag","embeddable":true,"href":"https:\/\/noticiasveracruz.com\/index.php\/wp-json\/wp\/v2\/tags?post=72595"}],"curies":[{"name":"wp","href":"https:\/\/api.w.org\/{rel}","templated":true}]}}