{"id":72588,"date":"2026-01-26T00:09:04","date_gmt":"2026-01-26T06:09:04","guid":{"rendered":"https:\/\/noticiasveracruz.com\/?p=72588"},"modified":"2026-01-25T23:15:42","modified_gmt":"2026-01-26T05:15:42","slug":"claudia-sheinbaum-pone-fin-al-asistencialismo-politico-el-bienestar-deja-de-ser-promesa","status":"publish","type":"post","link":"https:\/\/noticiasveracruz.com\/index.php\/2026\/01\/26\/claudia-sheinbaum-pone-fin-al-asistencialismo-politico-el-bienestar-deja-de-ser-promesa\/","title":{"rendered":"Claudia Sheinbaum pone fin al asistencialismo pol\u00edtico; el bienestar deja de ser promesa"},"content":{"rendered":"<p><span style=\"font-family: arial, helvetica, sans-serif; font-size: 18pt;\"><strong>ALMA GRANDE<\/strong><\/span><\/p>\n<p><span style=\"font-family: arial, helvetica, sans-serif; font-size: 18pt;\"><strong>Por \u00c1ngel \u00c1lvaro Pe\u00f1a<\/strong><\/span><\/p>\n<p><span style=\"font-family: arial, helvetica, sans-serif; font-size: 14pt;\">En la historia reciente de M\u00e9xico, pocas decisiones p\u00fablicas han marcado con tanta claridad el cambio de \u00e9poca como la constitucionalizaci\u00f3n de los Programas para el Bienestar. La entrega de Pensiones Mujeres Bienestar y de la Pensi\u00f3n para Adultos Mayores encabezada por la presidenta Claudia Sheinbaum en Veracruz este viernes es la confirmaci\u00f3n de que el modelo asistencial condicionado qued\u00f3 atr\u00e1s y fue sustituido por un esquema de derechos sociales.<\/span><\/p>\n<p><span style=\"font-family: arial, helvetica, sans-serif; font-size: 14pt;\">El dato es contundente: 2.5 millones de derechohabientes en Veracruz, respaldados por una inversi\u00f3n de 70 mil millones de pesos, forman parte de una pol\u00edtica que ya no depende del humor electoral ni del clientelismo partidista. En palabras de la propia presidenta, antes el apoyo social se reduc\u00eda a \u201cmigajas\u201d entregadas con c\u00e1lculo pol\u00edtico; hoy, el bienestar est\u00e1 escrito en la Constituci\u00f3n. Esa diferencia no es menor: transforma la relaci\u00f3n entre el Estado y el pueblo de M\u00e9xico.<\/span><\/p>\n<p><span style=\"font-family: arial, helvetica, sans-serif; font-size: 14pt;\">La narrativa que Claudia Sheinbaum coloca en el centro es clara y, al mismo tiempo, inc\u00f3moda para el viejo r\u00e9gimen: nadie tiene que afiliarse, prometer un voto o someterse a intermediarios para recibir una pensi\u00f3n. El derecho sustituye al favor, y eso redefine el ejercicio del poder p\u00fablico. En un pa\u00eds donde durante d\u00e9cadas la pobreza fue usada como instrumento pol\u00edtico, esta ruptura tiene un peso hist\u00f3rico.<\/span><\/p>\n<p><span style=\"font-family: arial, helvetica, sans-serif; font-size: 14pt;\">El bill\u00f3n de pesos destinado en 2026 a los Programas para el Bienestar confirma que no se trata de una pol\u00edtica transitoria, sino de una apuesta estructural del llamado Segundo Piso de la Cuarta Transformaci\u00f3n. Programas como la Pensi\u00f3n Mujeres Bienestar, la Beca Rita Cetina y Salud Casa por Casa revelan una visi\u00f3n que cruza lo social con lo econ\u00f3mico y lo territorial, reconociendo especialmente el trabajo no remunerado de millones de mujeres.<\/span><\/p>\n<p><span style=\"font-family: arial, helvetica, sans-serif; font-size: 14pt;\">Que m\u00e1s de 3 millones de mexicanas ya reciban la Pensi\u00f3n Mujeres Bienestar, como inform\u00f3 la secretaria Ariadna Montiel, no solo habla de cobertura, sino de una reivindicaci\u00f3n hist\u00f3rica. La voz de Paula Guti\u00e9rrez Andrade, beneficiaria del programa, sintetiza el fondo pol\u00edtico del momento: no es un regalo, es justicia. Esa afirmaci\u00f3n desmonta el discurso asistencialista y coloca la dignidad en el centro del debate.<\/span><\/p>\n<p><span style=\"font-family: arial, helvetica, sans-serif; font-size: 14pt;\">A la par, la inversi\u00f3n carretera anunciada \u201411 mil 103 millones de pesos y m\u00e1s de 33 mil empleos generados\u2014 muestra que el bienestar no se concibe de forma aislada, sino como parte de un modelo de desarrollo que busca articular infraestructura, empleo y cohesi\u00f3n social. No es casualidad: sin caminos, no hay acceso; sin acceso, no hay igualdad.<\/span><\/p>\n<p><span style=\"font-family: arial, helvetica, sans-serif; font-size: 14pt;\">La Cuarta Transformaci\u00f3n entiende algo esencial: lo que no se sostiene como derecho, se cae como d\u00e1diva. En ese sentido, Veracruz se convierte en un espejo de una pol\u00edtica nacional que apuesta por dejar atr\u00e1s el paternalismo para construir ciudadan\u00eda. El reto, como siempre, ser\u00e1 la permanencia y la vigilancia social; pero el mensaje pol\u00edtico ya est\u00e1 dado: el bienestar ya no se pide, se ejerce.<\/span><\/p>\n<p><span style=\"font-family: arial, helvetica, sans-serif; font-size: 14pt;\"><strong>PEGA Y CORRE:<\/strong> La presidenta de M\u00e9xico, Claudia Sheinbaum Pardo, pernoct\u00f3 en Tuxpan como parte de su gira nacional de trabajo, confirmando con hechos \u2014y no solo con agenda\u2014 la relevancia estrat\u00e9gica del puerto en el proyecto federal. Desde la noche del viernes se report\u00f3 su arribo a instalaciones militares del municipio, informaci\u00f3n que fue ratificada al d\u00eda siguiente con im\u00e1genes difundidas por el alcalde Daniel Cortina, en un encuentro donde tambi\u00e9n estuvo la gobernadora de Veracruz, Roc\u00edo Nahle Garc\u00eda.<\/span><\/p>\n<p><span style=\"font-family: arial, helvetica, sans-serif; font-size: 14pt;\">Que la mandataria federal haya pasado la noche en Tuxpan no es un gesto menor. El municipio figura entre los 15 Polos de Desarrollo del pa\u00eds y su inclusi\u00f3n en la ruta presidencial refuerza su papel como punto clave para el desarrollo econ\u00f3mico, log\u00edstico y social del norte de Veracruz.<\/span><\/p>\n<p><span style=\"font-family: arial, helvetica, sans-serif; font-size: 14pt;\">La visita se dio en el marco de una gira que tambi\u00e9n incluy\u00f3 la entrega de pensiones para adultos mayores y del programa Pensi\u00f3n Mujeres Bienestar en Ciudad Cardel y La Antigua.<\/span><\/p>\n<p><span style=\"font-family: arial, helvetica, sans-serif; font-size: 14pt;\">Aunque no se han detallado reuniones privadas o acuerdos espec\u00edficos, la estancia presidencial en Tuxpan env\u00eda un mensaje pol\u00edtico claro: el puerto no solo est\u00e1 en el mapa del desarrollo nacional, sino que es considerado un punto de inter\u00e9s real dentro de la coordinaci\u00f3n entre la federaci\u00f3n y el gobierno estatal. Esta columna de p\u00fablica los lunes, mi\u00e9rcoles y viernes.<\/span><\/p>\n<p><img loading=\"lazy\" decoding=\"async\" class=\"alignnone wp-image-72565 size-full\" src=\"http:\/\/noticiasveracruz.com\/wp-content\/uploads\/2026\/01\/FIRMA-EDITORIAL-PD-6.jpg\" alt=\"\" width=\"1024\" height=\"125\" srcset=\"https:\/\/noticiasveracruz.com\/wp-content\/uploads\/2026\/01\/FIRMA-EDITORIAL-PD-6.jpg 1024w, https:\/\/noticiasveracruz.com\/wp-content\/uploads\/2026\/01\/FIRMA-EDITORIAL-PD-6-300x37.jpg 300w, https:\/\/noticiasveracruz.com\/wp-content\/uploads\/2026\/01\/FIRMA-EDITORIAL-PD-6-768x94.jpg 768w\" sizes=\"auto, (max-width: 1024px) 100vw, 1024px\" \/><\/p>\n","protected":false},"excerpt":{"rendered":"<p>ALMA GRANDE Por \u00c1ngel \u00c1lvaro Pe\u00f1a En la historia reciente de M\u00e9xico, pocas decisiones p\u00fablicas han marcado con tanta claridad<\/p>\n","protected":false},"author":4,"featured_media":72589,"comment_status":"closed","ping_status":"closed","sticky":false,"template":"","format":"standard","meta":{"colormag_page_container_layout":"default_layout","colormag_page_sidebar_layout":"default_layout","_jetpack_memberships_contains_paid_content":false,"footnotes":"","jetpack_publicize_message":"","jetpack_publicize_feature_enabled":true,"jetpack_social_post_already_shared":true,"jetpack_social_options":{"image_generator_settings":{"template":"highway","default_image_id":0,"font":"","enabled":false},"version":2}},"categories":[6],"tags":[],"class_list":["post-72588","post","type-post","status-publish","format-standard","has-post-thumbnail","hentry","category-columnistas"],"jetpack_publicize_connections":[],"jetpack_featured_media_url":"https:\/\/noticiasveracruz.com\/wp-content\/uploads\/2026\/01\/BANNER-LOPEZ-DORIGA-DIGITAL-5.jpg","jetpack_sharing_enabled":true,"publishpress_future_action":{"enabled":false,"date":"2026-05-07 00:21:48","action":"change-status","newStatus":"draft","terms":[],"taxonomy":"category","extraData":[]},"publishpress_future_workflow_manual_trigger":{"enabledWorkflows":[]},"_links":{"self":[{"href":"https:\/\/noticiasveracruz.com\/index.php\/wp-json\/wp\/v2\/posts\/72588","targetHints":{"allow":["GET"]}}],"collection":[{"href":"https:\/\/noticiasveracruz.com\/index.php\/wp-json\/wp\/v2\/posts"}],"about":[{"href":"https:\/\/noticiasveracruz.com\/index.php\/wp-json\/wp\/v2\/types\/post"}],"author":[{"embeddable":true,"href":"https:\/\/noticiasveracruz.com\/index.php\/wp-json\/wp\/v2\/users\/4"}],"replies":[{"embeddable":true,"href":"https:\/\/noticiasveracruz.com\/index.php\/wp-json\/wp\/v2\/comments?post=72588"}],"version-history":[{"count":0,"href":"https:\/\/noticiasveracruz.com\/index.php\/wp-json\/wp\/v2\/posts\/72588\/revisions"}],"wp:featuredmedia":[{"embeddable":true,"href":"https:\/\/noticiasveracruz.com\/index.php\/wp-json\/wp\/v2\/media\/72589"}],"wp:attachment":[{"href":"https:\/\/noticiasveracruz.com\/index.php\/wp-json\/wp\/v2\/media?parent=72588"}],"wp:term":[{"taxonomy":"category","embeddable":true,"href":"https:\/\/noticiasveracruz.com\/index.php\/wp-json\/wp\/v2\/categories?post=72588"},{"taxonomy":"post_tag","embeddable":true,"href":"https:\/\/noticiasveracruz.com\/index.php\/wp-json\/wp\/v2\/tags?post=72588"}],"curies":[{"name":"wp","href":"https:\/\/api.w.org\/{rel}","templated":true}]}}