{"id":72583,"date":"2026-01-26T00:07:14","date_gmt":"2026-01-26T06:07:14","guid":{"rendered":"https:\/\/noticiasveracruz.com\/?p=72583"},"modified":"2026-01-26T00:34:10","modified_gmt":"2026-01-26T06:34:10","slug":"corrupcion-con-nombre-y-apellido","status":"publish","type":"post","link":"https:\/\/noticiasveracruz.com\/index.php\/2026\/01\/26\/corrupcion-con-nombre-y-apellido\/","title":{"rendered":"Corrupci\u00f3n con nombre y apellido"},"content":{"rendered":"<p><em>\u201cEl verdadero car\u00e1cter siempre aparece en las grandes circunstancias\u201d. \u2013 Napole\u00f3n Bonaparte.<\/em><\/p>\n<p><strong>\u00a0<\/strong><\/p>\n<p><strong>La reciente comparecencia de la auditora general del \u00d3rgano de Fiscalizaci\u00f3n Superior (ORFIS), Delia Gonz\u00e1lez Cobos, dej\u00f3 m\u00e1s que cifras: exhibi\u00f3 una radiograf\u00eda cruda y preocupante de c\u00f3mo el discurso de la transformaci\u00f3n ha convivido, sin rubor, con pr\u00e1cticas que recuerdan los peores vicios del pasado.<\/strong><\/p>\n<p><strong>El dato duro es demoledor: un presunto da\u00f1o patrimonial por 2 mil 372 millones 867 mil 596 pesos, detectado en 223 entes fiscalizables. Pero el verdadero fondo del mensaje est\u00e1 en los casos donde la corrupci\u00f3n ya no es presunci\u00f3n, sino evidencia.<\/strong><\/p>\n<p><strong>Gonz\u00e1lez Cobos puso especial \u00e9nfasis en dos dependencias que hoy se han convertido en s\u00edmbolos de descomposici\u00f3n administrativa. La primera, la Universidad Popular Aut\u00f3noma de Veracruz (UPAV), donde los malos manejos financieros ya derivaron en detenciones y donde, seg\u00fan las propias investigaciones, a\u00fan se esperan m\u00e1s \u00f3rdenes de aprehensi\u00f3n. Ah\u00ed, el saqueo fue sistem\u00e1tico, planeado y prolongado, aprovechando una instituci\u00f3n educativa creada para ampliar oportunidades, no para enriquecer funcionarios.<\/strong><\/p>\n<p><strong>Se asegura que la Fiscal\u00eda General del Estado (FGE) ya tendr\u00eda en capilla al ex subsecretario El\u00edas Calixto Arm\u00e1s y a quien afirman lo protege, que pudiera ser la primera gran muestra de ese manotazo que tanto se requiere para marcar la diferencia entre un antes y un despu\u00e9s.<\/strong><\/p>\n<p><strong>El segundo caso es a\u00fan m\u00e1s indignante: la Procuradur\u00eda Estatal de Medio Ambiente, esa que operar\u00e1 Sergio Rodr\u00edguez y la llamada \u201cremodelaci\u00f3n\u201d del Acuarium de Veracruz. La auditora no dud\u00f3 en calificar el da\u00f1o como \u201clastimoso\u201d. No solo por el dinero mal ejercido, sino porque los materiales de mala calidad empleados en la obra comprometen la infraestructura y, lo m\u00e1s grave, ponen en riesgo el h\u00e1bitat de las especies marinas ah\u00ed confinadas. Es decir, corrupci\u00f3n que no solo roba recursos p\u00fablicos, sino que amenaza patrimonio natural y vida animal.<\/strong><\/p>\n<p><strong>A ello se suma un riesgo que va m\u00e1s all\u00e1 del desfalco financiero y que roza peligrosamente el terreno de la tragedia anunciada. La obra del Acuarium de Veracruz presenta filtraciones visibles y fallas estructurales que evidencian la mala calidad de los materiales empleados en la supuesta remodelaci\u00f3n. No se trata solo de una irregularidad administrativa, sino de un riesgo real para la integridad f\u00edsica de miles de visitantes, particularmente de ni\u00f1as y ni\u00f1os de escuelas veracruzanas que acuden de manera constante a este espacio educativo. Un eventual colapso, en d\u00edas de alta afluencia, ser\u00eda una desgracia de dimensiones incalculables y, llegado ese escenario, no podr\u00eda hablarse de accidentes ni de omisiones: habr\u00eda responsables con nombre y apellido, desde quienes autorizaron los contratos hasta quienes ejecutaron y validaron una obra deficiente que hoy amenaza vidas.<\/strong><\/p>\n<p><strong>Estos se\u00f1alamientos obligan a una reflexi\u00f3n mayor: \u00bfqu\u00e9 har\u00e1 el nuevo gobierno estatal con esta herencia inc\u00f3moda? La gobernadora Roc\u00edo Nahle Garc\u00eda tiene ante s\u00ed una oportunidad hist\u00f3rica \u2014y una responsabilidad pol\u00edtica\u2014 de enviar un manotazo claro y contundente. Castigar, sin distingos ni siglas, a quienes se enriquecieron al amparo de la 4T.<\/strong><\/p>\n<p><strong>Los antecedentes sobran. Ah\u00ed est\u00e1 el caso de la Secretar\u00eda de Salud, donde Jorge Eduardo Sisniega, operando bajo la protecci\u00f3n y \u00f3rdenes de Eleazar Guerrero, dej\u00f3 finanzas devastadas. No es casualidad que hoy el personal salga a las calles a manifestarse: la crisis actual es consecuencia directa de esos manejos turbios.<\/strong><\/p>\n<p><strong>Y luego est\u00e1 el \u201cpez gordo\u201d, Eleazar Guerrero, quien nada c\u00f3modamente en las aguas de Morena con la impunidad que otorga el fuero. Su transformaci\u00f3n personal \u2014de empleado menor en los tiempos del PRI a magnate en la actualidad\u2014 no resiste el menor escrutinio \u00e9tico.<\/strong><\/p>\n<p><strong>Veracruz no puede seguir atrapado entre el discurso del cambio y la tolerancia a la corrupci\u00f3n interna. Urge un mensaje claro: la transformaci\u00f3n tambi\u00e9n empieza castigando a los propios. Solo as\u00ed la actual administraci\u00f3n podr\u00e1 desmarcarse de los vicios del pasado y recuperar la confianza de una sociedad cansada de simulaciones.<\/strong><\/p>\n<p><strong>\u00a0<\/strong><\/p>\n<p><strong>Al tiempo.<\/strong><\/p>\n<p><img loading=\"lazy\" decoding=\"async\" class=\"alignnone wp-image-72565 size-full\" src=\"http:\/\/noticiasveracruz.com\/wp-content\/uploads\/2026\/01\/FIRMA-EDITORIAL-PD-6.jpg\" alt=\"\" width=\"1024\" height=\"125\" srcset=\"https:\/\/noticiasveracruz.com\/wp-content\/uploads\/2026\/01\/FIRMA-EDITORIAL-PD-6.jpg 1024w, https:\/\/noticiasveracruz.com\/wp-content\/uploads\/2026\/01\/FIRMA-EDITORIAL-PD-6-300x37.jpg 300w, https:\/\/noticiasveracruz.com\/wp-content\/uploads\/2026\/01\/FIRMA-EDITORIAL-PD-6-768x94.jpg 768w\" sizes=\"auto, (max-width: 1024px) 100vw, 1024px\" \/><\/p>\n","protected":false},"excerpt":{"rendered":"<p>\u201cEl verdadero car\u00e1cter siempre aparece en las grandes circunstancias\u201d. \u2013 Napole\u00f3n Bonaparte. \u00a0 La reciente comparecencia de la auditora general<\/p>\n","protected":false},"author":4,"featured_media":71786,"comment_status":"closed","ping_status":"closed","sticky":false,"template":"","format":"standard","meta":{"colormag_page_container_layout":"default_layout","colormag_page_sidebar_layout":"default_layout","_jetpack_memberships_contains_paid_content":false,"footnotes":"","jetpack_publicize_message":"","jetpack_publicize_feature_enabled":true,"jetpack_social_post_already_shared":true,"jetpack_social_options":{"image_generator_settings":{"template":"highway","default_image_id":0,"font":"","enabled":false},"version":2}},"categories":[6],"tags":[],"class_list":["post-72583","post","type-post","status-publish","format-standard","has-post-thumbnail","hentry","category-columnistas"],"jetpack_publicize_connections":[],"jetpack_featured_media_url":"https:\/\/noticiasveracruz.com\/wp-content\/uploads\/2026\/01\/BANNERBAQUEIRO-NV.jpg","jetpack_sharing_enabled":true,"publishpress_future_action":{"enabled":false,"date":"2026-05-07 00:21:48","action":"change-status","newStatus":"draft","terms":[],"taxonomy":"category","extraData":[]},"publishpress_future_workflow_manual_trigger":{"enabledWorkflows":[]},"_links":{"self":[{"href":"https:\/\/noticiasveracruz.com\/index.php\/wp-json\/wp\/v2\/posts\/72583","targetHints":{"allow":["GET"]}}],"collection":[{"href":"https:\/\/noticiasveracruz.com\/index.php\/wp-json\/wp\/v2\/posts"}],"about":[{"href":"https:\/\/noticiasveracruz.com\/index.php\/wp-json\/wp\/v2\/types\/post"}],"author":[{"embeddable":true,"href":"https:\/\/noticiasveracruz.com\/index.php\/wp-json\/wp\/v2\/users\/4"}],"replies":[{"embeddable":true,"href":"https:\/\/noticiasveracruz.com\/index.php\/wp-json\/wp\/v2\/comments?post=72583"}],"version-history":[{"count":0,"href":"https:\/\/noticiasveracruz.com\/index.php\/wp-json\/wp\/v2\/posts\/72583\/revisions"}],"wp:featuredmedia":[{"embeddable":true,"href":"https:\/\/noticiasveracruz.com\/index.php\/wp-json\/wp\/v2\/media\/71786"}],"wp:attachment":[{"href":"https:\/\/noticiasveracruz.com\/index.php\/wp-json\/wp\/v2\/media?parent=72583"}],"wp:term":[{"taxonomy":"category","embeddable":true,"href":"https:\/\/noticiasveracruz.com\/index.php\/wp-json\/wp\/v2\/categories?post=72583"},{"taxonomy":"post_tag","embeddable":true,"href":"https:\/\/noticiasveracruz.com\/index.php\/wp-json\/wp\/v2\/tags?post=72583"}],"curies":[{"name":"wp","href":"https:\/\/api.w.org\/{rel}","templated":true}]}}