{"id":72537,"date":"2026-01-26T00:12:10","date_gmt":"2026-01-26T06:12:10","guid":{"rendered":"https:\/\/noticiasveracruz.com\/?p=72537"},"modified":"2026-01-25T19:49:55","modified_gmt":"2026-01-26T01:49:55","slug":"canada-respeta-el-t-mec-y-no-busca-acuerdos-con-otras-economias","status":"publish","type":"post","link":"https:\/\/noticiasveracruz.com\/index.php\/2026\/01\/26\/canada-respeta-el-t-mec-y-no-busca-acuerdos-con-otras-economias\/","title":{"rendered":"Canad\u00e1 respeta el T-MEC y no busca acuerdos con otras econom\u00edas"},"content":{"rendered":"<p class=\"nota-justify\">Canad\u00e1 respeta sus compromisos y obligaciones en el marco del Tratado entre M\u00e9xico, Estados Unidos y Canad\u00e1 de no buscar acuerdos de libre comercio con econom\u00edas que no sean de mercado, dijo el domingo el primer ministro Mark Carney desde Ottawa.<\/p>\n<p class=\"nota-justify\">Las declaraciones de Carney se conocen un d\u00eda despu\u00e9s de la amenaza del presidente estadunidense, Donald Trump, de que Estados Unidos impondr\u00e1 aranceles de 100 por ciento a Canad\u00e1, si llega a un acuerdo comercial con China. Carney dijo que no tiene intenci\u00f3n de hacer eso con China ni con ninguna otra econom\u00eda que no sea de mercado.<\/p>\n<p class=\"nota-justify\">\u201cPero lo que Canad\u00e1 ha hecho con China es rectificar algunas cuestiones que se hab\u00edan desarrollado en los \u00faltimos dos a\u00f1os\u201d, aclar\u00f3 Carney.<\/p>\n<p class=\"nota-justify\">Carney afirm\u00f3 que Canad\u00e1 estaba \u201cvolviendo al futuro\u201d respecto a los veh\u00edculos el\u00e9ctricos, la agricultura y los productos pesqueros con protecci\u00f3n adicional.<\/p>\n<p class=\"nota-justify\">Carney visit\u00f3 China a principios de mes en un intento de diversificar su comercio y resolver los problemas arancelarios con el tercer socio comercial del pa\u00eds.<\/p>\n<p class=\"nota-justify\">El domingo, el secretario del Tesoro de Estados Unidos, Scott Bessent, dijo en una entrevista con ABC News que existe la posibilidad de aranceles de 100 por ciento si Canad\u00e1 hace un acuerdo de libre comercio con China. \u201cSi van m\u00e1s all\u00e1, si vemos que los canadienses est\u00e1n permitiendo que los chinos hagan\u00a0<i>dumping<\/i>\u00a0de mercanc\u00edas\u201d, se\u00f1al\u00f3 Bessent.<\/p>\n<p class=\"nota-justify\">En una declaraci\u00f3n por separado a Reuters el s\u00e1bado por la noche, la embajada china en Canad\u00e1 dijo que China est\u00e1 dispuesta a trabajar con Canad\u00e1 para aplicar el consenso alcanzado por los l\u00edderes de los dos pa\u00edses y avanzar en la asociaci\u00f3n estrat\u00e9gica China-Canad\u00e1.<\/p>\n","protected":false},"excerpt":{"rendered":"<p>Canad\u00e1 respeta sus compromisos y obligaciones en el marco del Tratado entre M\u00e9xico, Estados Unidos y Canad\u00e1 de no buscar<\/p>\n","protected":false},"author":4,"featured_media":72538,"comment_status":"closed","ping_status":"closed","sticky":false,"template":"","format":"standard","meta":{"colormag_page_container_layout":"default_layout","colormag_page_sidebar_layout":"default_layout","_jetpack_memberships_contains_paid_content":false,"footnotes":"","jetpack_publicize_message":"","jetpack_publicize_feature_enabled":true,"jetpack_social_post_already_shared":true,"jetpack_social_options":{"image_generator_settings":{"template":"highway","default_image_id":0,"font":"","enabled":false},"version":2}},"categories":[1947],"tags":[],"class_list":["post-72537","post","type-post","status-publish","format-standard","has-post-thumbnail","hentry","category-economia"],"jetpack_publicize_connections":[],"jetpack_featured_media_url":"https:\/\/noticiasveracruz.com\/wp-content\/uploads\/2026\/01\/CARN.jpg","jetpack_sharing_enabled":true,"publishpress_future_action":{"enabled":false,"date":"2026-05-07 03:39:08","action":"change-status","newStatus":"draft","terms":[],"taxonomy":"category","extraData":[]},"publishpress_future_workflow_manual_trigger":{"enabledWorkflows":[]},"_links":{"self":[{"href":"https:\/\/noticiasveracruz.com\/index.php\/wp-json\/wp\/v2\/posts\/72537","targetHints":{"allow":["GET"]}}],"collection":[{"href":"https:\/\/noticiasveracruz.com\/index.php\/wp-json\/wp\/v2\/posts"}],"about":[{"href":"https:\/\/noticiasveracruz.com\/index.php\/wp-json\/wp\/v2\/types\/post"}],"author":[{"embeddable":true,"href":"https:\/\/noticiasveracruz.com\/index.php\/wp-json\/wp\/v2\/users\/4"}],"replies":[{"embeddable":true,"href":"https:\/\/noticiasveracruz.com\/index.php\/wp-json\/wp\/v2\/comments?post=72537"}],"version-history":[{"count":0,"href":"https:\/\/noticiasveracruz.com\/index.php\/wp-json\/wp\/v2\/posts\/72537\/revisions"}],"wp:featuredmedia":[{"embeddable":true,"href":"https:\/\/noticiasveracruz.com\/index.php\/wp-json\/wp\/v2\/media\/72538"}],"wp:attachment":[{"href":"https:\/\/noticiasveracruz.com\/index.php\/wp-json\/wp\/v2\/media?parent=72537"}],"wp:term":[{"taxonomy":"category","embeddable":true,"href":"https:\/\/noticiasveracruz.com\/index.php\/wp-json\/wp\/v2\/categories?post=72537"},{"taxonomy":"post_tag","embeddable":true,"href":"https:\/\/noticiasveracruz.com\/index.php\/wp-json\/wp\/v2\/tags?post=72537"}],"curies":[{"name":"wp","href":"https:\/\/api.w.org\/{rel}","templated":true}]}}