{"id":72531,"date":"2026-01-26T00:10:22","date_gmt":"2026-01-26T06:10:22","guid":{"rendered":"https:\/\/noticiasveracruz.com\/?p=72531"},"modified":"2026-01-25T19:43:12","modified_gmt":"2026-01-26T01:43:12","slug":"oro-cotiza-en-mas-de-cinco-mil-dolares-por-primera-vez","status":"publish","type":"post","link":"https:\/\/noticiasveracruz.com\/index.php\/2026\/01\/26\/oro-cotiza-en-mas-de-cinco-mil-dolares-por-primera-vez\/","title":{"rendered":"Oro cotiza en m\u00e1s de cinco mil d\u00f3lares por primera vez"},"content":{"rendered":"<p class=\"nota-justify\">El oro super\u00f3 el domingo, por primera vez en su historia, el r\u00e9cord de cinco mil d\u00f3lares por onza en medio del creciente clima de incertidumbre global y la agitaci\u00f3n provocada por las pol\u00edticas del presidente estadunidense Donald Trump.<\/p>\n<p class=\"nota-justify\">El precio del oro alcanz\u00f3 los cinco mil 26 d\u00f3lares por onza despu\u00e9s de que otro metal considerado como un valor refugio, la plata, llegara por primera vez a 102\u00a0d\u00f3lares la onza.<\/p>\n<p class=\"nota-justify\">El oro se ha revalorado recientemente por la turbulencia en torno a las ambiciones de Trump en Groenlandia y sus presiones sobre la Reserva Federal, aunque en los \u00faltimos dos a\u00f1os, el metal precioso se ha fortalecido por factores como la debilidad del d\u00f3lar y la inflaci\u00f3n elevada en el mundo.<\/p>\n<p class=\"nota-justify\">El precio de este metal tambi\u00e9n ha subido por las guerras en Ucrania y Gaza, as\u00ed como por la intervenci\u00f3n de Washington en Venezuela.<\/p>\n<p class=\"nota-justify\">En enero de 2024, el oro se situaba apenas por encima de los dos mil d\u00f3lares por onza.<\/p>\n","protected":false},"excerpt":{"rendered":"<p>El oro super\u00f3 el domingo, por primera vez en su historia, el r\u00e9cord de cinco mil d\u00f3lares por onza en<\/p>\n","protected":false},"author":4,"featured_media":72532,"comment_status":"closed","ping_status":"closed","sticky":false,"template":"","format":"standard","meta":{"colormag_page_container_layout":"default_layout","colormag_page_sidebar_layout":"default_layout","_jetpack_memberships_contains_paid_content":false,"footnotes":"","jetpack_publicize_message":"","jetpack_publicize_feature_enabled":true,"jetpack_social_post_already_shared":true,"jetpack_social_options":{"image_generator_settings":{"template":"highway","default_image_id":0,"font":"","enabled":false},"version":2}},"categories":[1947],"tags":[],"class_list":["post-72531","post","type-post","status-publish","format-standard","has-post-thumbnail","hentry","category-economia"],"jetpack_publicize_connections":[],"jetpack_featured_media_url":"https:\/\/noticiasveracruz.com\/wp-content\/uploads\/2026\/01\/ORGN.jpg","jetpack_sharing_enabled":true,"publishpress_future_action":{"enabled":false,"date":"2026-05-07 02:15:56","action":"change-status","newStatus":"draft","terms":[],"taxonomy":"category","extraData":[]},"publishpress_future_workflow_manual_trigger":{"enabledWorkflows":[]},"_links":{"self":[{"href":"https:\/\/noticiasveracruz.com\/index.php\/wp-json\/wp\/v2\/posts\/72531","targetHints":{"allow":["GET"]}}],"collection":[{"href":"https:\/\/noticiasveracruz.com\/index.php\/wp-json\/wp\/v2\/posts"}],"about":[{"href":"https:\/\/noticiasveracruz.com\/index.php\/wp-json\/wp\/v2\/types\/post"}],"author":[{"embeddable":true,"href":"https:\/\/noticiasveracruz.com\/index.php\/wp-json\/wp\/v2\/users\/4"}],"replies":[{"embeddable":true,"href":"https:\/\/noticiasveracruz.com\/index.php\/wp-json\/wp\/v2\/comments?post=72531"}],"version-history":[{"count":0,"href":"https:\/\/noticiasveracruz.com\/index.php\/wp-json\/wp\/v2\/posts\/72531\/revisions"}],"wp:featuredmedia":[{"embeddable":true,"href":"https:\/\/noticiasveracruz.com\/index.php\/wp-json\/wp\/v2\/media\/72532"}],"wp:attachment":[{"href":"https:\/\/noticiasveracruz.com\/index.php\/wp-json\/wp\/v2\/media?parent=72531"}],"wp:term":[{"taxonomy":"category","embeddable":true,"href":"https:\/\/noticiasveracruz.com\/index.php\/wp-json\/wp\/v2\/categories?post=72531"},{"taxonomy":"post_tag","embeddable":true,"href":"https:\/\/noticiasveracruz.com\/index.php\/wp-json\/wp\/v2\/tags?post=72531"}],"curies":[{"name":"wp","href":"https:\/\/api.w.org\/{rel}","templated":true}]}}