{"id":72490,"date":"2026-01-24T00:19:44","date_gmt":"2026-01-24T06:19:44","guid":{"rendered":"https:\/\/noticiasveracruz.com\/?p=72490"},"modified":"2026-01-23T22:49:27","modified_gmt":"2026-01-24T04:49:27","slug":"primera-ministra-danesa-visita-groenlandia-y-se-reune-con-gobierno-local","status":"publish","type":"post","link":"https:\/\/noticiasveracruz.com\/index.php\/2026\/01\/24\/primera-ministra-danesa-visita-groenlandia-y-se-reune-con-gobierno-local\/","title":{"rendered":"Primera ministra danesa visita Groenlandia y se re\u00fane con gobierno local"},"content":{"rendered":"<p class=\"nota-justify\">La primera ministra danesa, Mette Frederiksen, lleg\u00f3 este viernes a Groenlandia para entrevistarse con el jefe de gobierno local tras el giro de tim\u00f3n del presidente estadunidense, Donald Trump, que retir\u00f3 su amenaza de tomar la isla.<\/p>\n<p class=\"nota-justify\">Frederiksen aterriz\u00f3 proveniente de Bruselas, donde acord\u00f3 con el secretario general de la OTAN, Mark Rutte, que la Alianza Atl\u00e1ntica debe reforzar su presencia en la regi\u00f3n \u00e1rtica.<\/p>\n<p class=\"nota-justify\">Fue recibida por el primer ministro groenland\u00e9s, Jens-Frederik Nielsen, en el aeropuerto de Nuuk, capital de Groenlandia, constataron periodistas de la\u00a0<i>Afp<\/i>.<\/p>\n<p class=\"nota-justify\">Frederiksen dijo a periodistas que su visita a Groenlandia tiene como objetivo mostrar \u00abel gran apoyo\u00bb de los daneses a los habitantes de la isla \u00e1rtica en \u00abuna situaci\u00f3n grave\u00bb.<\/p>\n<p class=\"nota-justify\">\u00abEstoy aqu\u00ed para mostrar el gran apoyo de los daneses a los groenlandeses. Es un momento en el que necesitamos estar muy cerca los unos de los otros. Nos encontramos en una situaci\u00f3n grave\u00bb, a\u00f1adi\u00f3.<\/p>\n<p class=\"nota-justify\">Rutte y la primera ministra danesa acordaron este viernes reforzar la seguridad en el \u00c1rtico, tras el giro de tim\u00f3n de Donald Trump.<\/p>\n<p class=\"nota-justify\">\u00abTrabajamos juntos para garantizar la seguridad del conjunto de la OTAN y nos apoyaremos en nuestra cooperaci\u00f3n para reforzar la disuasi\u00f3n y la defensa en el \u00c1rtico\u00bb, escribi\u00f3 Rutte en la red X.<\/p>\n<p class=\"nota-justify\">\u00abEstamos de acuerdo en que la OTAN debe aumentar su compromiso en el \u00c1rtico. La defensa y la seguridad en el \u00c1rtico son una cuesti\u00f3n que concierne a toda la alianza\u00bb, escribi\u00f3 Frederiksen en X, tras reunirse con Rutte en Bruselas y antes de viajar a la capital de Groenlandia.<\/p>\n<p class=\"nota-justify\">Las amenazas de Trump sobre esta isla del \u00c1rtico, un territorio aut\u00f3nomo dan\u00e9s, envenenaron las relaciones entre Europa y Washington.<\/p>\n<p class=\"nota-justify\">Pero el mandatario estadunidense dio marcha atr\u00e1s el mi\u00e9rcoles cuando se\u00f1al\u00f3 que hab\u00eda llegado a un \u00abmarco\u00bb de acuerdo sobre la isla estrat\u00e9gica.<\/p>\n<p class=\"nota-justify\">En Nuuk, la primera ministra danesa se reunir\u00e1 con su hom\u00f3logo groenland\u00e9s.<\/p>\n","protected":false},"excerpt":{"rendered":"<p>La primera ministra danesa, Mette Frederiksen, lleg\u00f3 este viernes a Groenlandia para entrevistarse con el jefe de gobierno local tras<\/p>\n","protected":false},"author":4,"featured_media":72491,"comment_status":"closed","ping_status":"closed","sticky":false,"template":"","format":"standard","meta":{"colormag_page_container_layout":"default_layout","colormag_page_sidebar_layout":"default_layout","_jetpack_memberships_contains_paid_content":false,"footnotes":"","jetpack_publicize_message":"","jetpack_publicize_feature_enabled":true,"jetpack_social_post_already_shared":true,"jetpack_social_options":{"image_generator_settings":{"template":"highway","default_image_id":0,"font":"","enabled":false},"version":2}},"categories":[355],"tags":[],"class_list":["post-72490","post","type-post","status-publish","format-standard","has-post-thumbnail","hentry","category-internacional"],"jetpack_publicize_connections":[],"jetpack_featured_media_url":"https:\/\/noticiasveracruz.com\/wp-content\/uploads\/2026\/01\/MINI.jpg","jetpack_sharing_enabled":true,"publishpress_future_action":{"enabled":false,"date":"2026-05-07 01:55:46","action":"change-status","newStatus":"draft","terms":[],"taxonomy":"category","extraData":[]},"publishpress_future_workflow_manual_trigger":{"enabledWorkflows":[]},"_links":{"self":[{"href":"https:\/\/noticiasveracruz.com\/index.php\/wp-json\/wp\/v2\/posts\/72490","targetHints":{"allow":["GET"]}}],"collection":[{"href":"https:\/\/noticiasveracruz.com\/index.php\/wp-json\/wp\/v2\/posts"}],"about":[{"href":"https:\/\/noticiasveracruz.com\/index.php\/wp-json\/wp\/v2\/types\/post"}],"author":[{"embeddable":true,"href":"https:\/\/noticiasveracruz.com\/index.php\/wp-json\/wp\/v2\/users\/4"}],"replies":[{"embeddable":true,"href":"https:\/\/noticiasveracruz.com\/index.php\/wp-json\/wp\/v2\/comments?post=72490"}],"version-history":[{"count":0,"href":"https:\/\/noticiasveracruz.com\/index.php\/wp-json\/wp\/v2\/posts\/72490\/revisions"}],"wp:featuredmedia":[{"embeddable":true,"href":"https:\/\/noticiasveracruz.com\/index.php\/wp-json\/wp\/v2\/media\/72491"}],"wp:attachment":[{"href":"https:\/\/noticiasveracruz.com\/index.php\/wp-json\/wp\/v2\/media?parent=72490"}],"wp:term":[{"taxonomy":"category","embeddable":true,"href":"https:\/\/noticiasveracruz.com\/index.php\/wp-json\/wp\/v2\/categories?post=72490"},{"taxonomy":"post_tag","embeddable":true,"href":"https:\/\/noticiasveracruz.com\/index.php\/wp-json\/wp\/v2\/tags?post=72490"}],"curies":[{"name":"wp","href":"https:\/\/api.w.org\/{rel}","templated":true}]}}