{"id":72432,"date":"2026-01-23T00:03:23","date_gmt":"2026-01-23T06:03:23","guid":{"rendered":"https:\/\/noticiasveracruz.com\/?p=72432"},"modified":"2026-01-23T00:03:23","modified_gmt":"2026-01-23T06:03:23","slug":"el-legado-de-cuitlahuac-garcia-241-millones-de-pesos-invisibles-en-obras-faraonicas","status":"publish","type":"post","link":"https:\/\/noticiasveracruz.com\/index.php\/2026\/01\/23\/el-legado-de-cuitlahuac-garcia-241-millones-de-pesos-invisibles-en-obras-faraonicas\/","title":{"rendered":"El legado de Cuitl\u00e1huac Garc\u00eda: 241 millones  de pesos invisibles en obras fara\u00f3nicas"},"content":{"rendered":"<p><span style=\"font-family: arial, helvetica, sans-serif; font-size: 18pt;\"><strong>ALMA GRANDE<\/strong><\/span><\/p>\n<p><span style=\"font-family: arial, helvetica, sans-serif; font-size: 18pt;\"><strong>Por \u00c1ngel \u00c1lvaro Pe\u00f1a<\/strong><\/span><\/p>\n<p><span style=\"font-family: arial, helvetica, sans-serif; font-size: 14pt;\">Por a\u00f1os defend\u00ed una idea: que Cuitl\u00e1huac Garc\u00eda Jim\u00e9nez representaba una forma distinta de ejercer el poder en Veracruz. No lo hice desde la comodidad del an\u00e1lisis externo, sino desde la trinchera. Fui parte de su campa\u00f1a, constru\u00ed su imagen p\u00fablica cuando no la ten\u00eda y apost\u00e9 por una narrativa de honestidad porque, en ese momento, me constaba. Cre\u00ed en ella.<\/span><\/p>\n<p><span style=\"font-family: arial, helvetica, sans-serif; font-size: 14pt;\">Esa convicci\u00f3n me llev\u00f3, tras el proceso electoral, a asumir la representaci\u00f3n del Gobierno de Veracruz ante la Ciudad de M\u00e9xico. Y tambi\u00e9n fui el primero en renunciarle durante toda su administraci\u00f3n. No por c\u00e1lculo pol\u00edtico, sino por congruencia.<\/span><\/p>\n<p><span style=\"font-family: arial, helvetica, sans-serif; font-size: 14pt;\">Hoy, los datos duros obligan a una revisi\u00f3n profunda \u2014y dolorosa\u2014 de aquella certeza.<\/span><\/p>\n<p><span style=\"font-family: arial, helvetica, sans-serif; font-size: 14pt;\">Durante su comparecencia ante el Congreso del Estado, la auditora general del \u00d3rgano de Fiscalizaci\u00f3n Superior (Orfis), Delia Gonz\u00e1lez Cobos, confirm\u00f3 que todos los entes fiscalizables vinculados con obras del gobierno de Cuitl\u00e1huac Garc\u00eda Jim\u00e9nez ya fueron requeridos formalmente para solventar observaciones por presunto da\u00f1o patrimonial, derivadas de la Cuenta P\u00fablica 2024, aprobada en octubre del a\u00f1o pasado.<\/span><\/p>\n<p><span style=\"font-family: arial, helvetica, sans-serif; font-size: 14pt;\">Los n\u00fameros son contundentes: el Orfis report\u00f3 un presunto da\u00f1o patrimonial total de 2 mil 372 millones 867 mil 596 pesos. De ese monto, 880 millones de pesos corresponden al \u00faltimo a\u00f1o de la administraci\u00f3n de Cuitl\u00e1huac Garc\u00eda.<\/span><\/p>\n<p><span style=\"font-family: arial, helvetica, sans-serif; font-size: 14pt;\">M\u00e1s all\u00e1 de la cifra global, hay un dato pol\u00edticamente inevitable: las obras emblem\u00e1ticas de ese gobierno concentran el mayor monto observado. Tan solo tres proyectos acumulan 241 millones 381 mil pesos en presunto da\u00f1o patrimonial.<\/span><\/p>\n<p><span style=\"font-family: arial, helvetica, sans-serif; font-size: 14pt;\">El caso m\u00e1s significativo es la remodelaci\u00f3n del estadio Luis \u201cPirata\u201d Fuente, donde las etapas segunda y tercera concentran un monto observado de 160 millones 331 mil 371 pesos, por sobrecostos, pagos sin sustento documental y deficiencias constructivas. A ello se suman observaciones relevantes en la construcci\u00f3n del Nido del Halc\u00f3n y en la ampliaci\u00f3n y remodelaci\u00f3n del Aquarium de Veracruz, obras presentadas p\u00fablicamente como s\u00edmbolos del nuevo Veracruz.<\/span><\/p>\n<p><span style=\"font-family: arial, helvetica, sans-serif; font-size: 14pt;\">Es fundamental decirlo con precisi\u00f3n jur\u00eddica: presunto da\u00f1o patrimonial no implica responsabilidad autom\u00e1tica. La propia auditora general lo subray\u00f3. El procedimiento contempla una etapa de solventaci\u00f3n, donde los entes pueden aclarar faltas de documentos, permisos o autorizaciones. La ley establece incluso un plazo de hasta siete a\u00f1os para la prescripci\u00f3n de responsabilidades administrativas.<\/span><\/p>\n<p><span style=\"font-family: arial, helvetica, sans-serif; font-size: 14pt;\">Sin embargo, Gonz\u00e1lez Cobos fue enf\u00e1tica en un punto clave: el Orfis no ha esperado. Todos los entes observados \u2014incluidos el Instituto de Espacios Educativos y la Procuradur\u00eda del Medio Ambiente\u2014 ya fueron notificados, sin dejar transcurrir un solo a\u00f1o desde la aprobaci\u00f3n de la Cuenta P\u00fablica.<\/span><\/p>\n<p><span style=\"font-family: arial, helvetica, sans-serif; font-size: 14pt;\">Adem\u00e1s, las observaciones no se quedan en el escritorio. El Orfis ha realizado inspecciones f\u00edsicas que han permitido detectar obras incompletas, trabajos que \u201cparec\u00edan hechos y no lo estaban\u201d, y proyectos que se concluyeron \u00fanicamente tras los se\u00f1alamientos del \u00f3rgano fiscalizador. Ese, dijo la auditora, es parte del impacto social de la fiscalizaci\u00f3n.<\/span><\/p>\n<p><span style=\"font-family: arial, helvetica, sans-serif; font-size: 14pt;\">Cuando las irregularidades trascienden lo administrativo y se detecta dolo, como la entrega de documentaci\u00f3n falsa, el procedimiento cambia. Durante la gesti\u00f3n de Delia Gonz\u00e1lez Cobos, el Orfis ha presentado 181 denuncias ante las instancias correspondientes; nueve de ellas ya fueron judicializadas, avanzando conforme a los tiempos procesales.<\/span><\/p>\n<p><span style=\"font-family: arial, helvetica, sans-serif; font-size: 14pt;\">A este escenario se suma otro foco rojo: las irregularidades en los procesos de entrega-recepci\u00f3n, detectadas con el inicio de las nuevas administraciones municipales. Aunque el Orfis capacit\u00f3 a las autoridades entrantes en noviembre pasado, se reportaron casos de oficinas vac\u00edas y ausencia de documentaci\u00f3n, situaciones que ya fueron notificadas y que deber\u00e1n ser aclaradas ante el Congreso del Estado.<\/span><\/p>\n<p><span style=\"font-family: arial, helvetica, sans-serif; font-size: 14pt;\">Durante a\u00f1os se construy\u00f3 un discurso de superioridad \u00e9tica. De una \u201chonestidad valiente\u201d que no admit\u00eda matices. Por eso hoy no basta con refugiarse en tecnicismos legales, en plazos de prescripci\u00f3n o en la narrativa de persecuci\u00f3n pol\u00edtica. La confianza p\u00fablica no prescribe.<\/span><\/p>\n<p><span style=\"font-family: arial, helvetica, sans-serif; font-size: 14pt;\">Para quienes cre\u00edmos, para quienes defendimos, para quienes pusimos el capital pol\u00edtico y profesional al servicio de un proyecto, este momento exige algo m\u00e1s que silencio o disciplina partidista. Exige honestidad con la historia y con la sociedad.<\/span><\/p>\n<p><span style=\"font-family: arial, helvetica, sans-serif; font-size: 14pt;\">No se trata de condenar antes de tiempo, pero tampoco de cerrar los ojos. La verdadera congruencia \u2014esa que alguna vez fue bandera\u2014 consiste en permitir que las instituciones hagan su trabajo, en exigir explicaciones claras y en asumir que ning\u00fan proyecto, por noble que se haya proclamado, est\u00e1 por encima del escrutinio p\u00fablico.<\/span><\/p>\n<p><span style=\"font-family: arial, helvetica, sans-serif; font-size: 14pt;\">PEGA Y CORRE: La procuraci\u00f3n de justicia enfrenta hoy el reto de actuar con rapidez sin renunciar a la legalidad. En ese contexto, la puesta en marcha de la ventanilla \u00fanica digital para la solicitud de \u00f3rdenes de cateo en Veracruz representa un avance significativo en la modernizaci\u00f3n del sistema de justicia, impulsado desde la fiscal\u00eda general del Estado y respaldado por el nuevo enfoque de gobierno.<\/span><\/p>\n<p><span style=\"font-family: arial, helvetica, sans-serif; font-size: 14pt;\">El sistema, presentado por la fiscal general Lisbeth Aurelia Jim\u00e9nez Aguirre, permite que las \u00f3rdenes de cateo se tramiten en l\u00ednea y cuenten con autorizaci\u00f3n judicial en aproximadamente 20 minutos, atendiendo la naturaleza urgente de estas diligencias. Se trata de una herramienta que no sustituye al juez, sino que fortalece su intervenci\u00f3n al hacerla m\u00e1s \u00e1gil y oportuna.<\/span><\/p>\n<p><span style=\"font-family: arial, helvetica, sans-serif; font-size: 14pt;\">Este esfuerzo se enmarca en una visi\u00f3n de modernizaci\u00f3n institucional que coincide con la agenda de transformaci\u00f3n encabezada por la gobernadora Roc\u00edo Nahle Garc\u00eda, quien ha planteado la necesidad de fortalecer las instituciones, hacer m\u00e1s eficientes los procesos y colocar a la justicia al ritmo de las demandas sociales actuales.<\/span><\/p>\n<p><span style=\"font-family: arial, helvetica, sans-serif; font-size: 14pt;\">La digitalizaci\u00f3n de los cateos, el uso de tecnolog\u00edas para la investigaci\u00f3n y la coordinaci\u00f3n entre autoridades no vulneran derechos; por el contrario, permiten que el Estado act\u00fae cuando a\u00fan es posible proteger a las v\u00edctimas y preservar la legalidad.<\/span><\/p>\n<p><span style=\"font-family: arial, helvetica, sans-serif; font-size: 14pt;\">La justicia moderna exige decisiones firmes, respaldo institucional y voluntad pol\u00edtica. En ese sentido, la coordinaci\u00f3n entre la Fiscal\u00eda y el Gobierno del Estado abre una ruta para una procuraci\u00f3n de justicia m\u00e1s eficiente, transparente y acorde a los tiempos que vive Veracruz. Esta columna se publica los lunes, mi\u00e9rcoles y viernes.<\/span><\/p>\n<p><img loading=\"lazy\" decoding=\"async\" class=\"alignnone wp-image-72433 size-full\" src=\"http:\/\/noticiasveracruz.com\/wp-content\/uploads\/2026\/01\/FIRMA-EDITORIAL-PD-5.jpg\" alt=\"\" width=\"1024\" height=\"125\" srcset=\"https:\/\/noticiasveracruz.com\/wp-content\/uploads\/2026\/01\/FIRMA-EDITORIAL-PD-5.jpg 1024w, https:\/\/noticiasveracruz.com\/wp-content\/uploads\/2026\/01\/FIRMA-EDITORIAL-PD-5-300x37.jpg 300w, https:\/\/noticiasveracruz.com\/wp-content\/uploads\/2026\/01\/FIRMA-EDITORIAL-PD-5-768x94.jpg 768w\" sizes=\"auto, (max-width: 1024px) 100vw, 1024px\" \/><\/p>\n","protected":false},"excerpt":{"rendered":"<p>ALMA GRANDE Por \u00c1ngel \u00c1lvaro Pe\u00f1a Por a\u00f1os defend\u00ed una idea: que Cuitl\u00e1huac Garc\u00eda Jim\u00e9nez representaba una forma distinta de<\/p>\n","protected":false},"author":4,"featured_media":72434,"comment_status":"closed","ping_status":"closed","sticky":false,"template":"","format":"standard","meta":{"colormag_page_container_layout":"default_layout","colormag_page_sidebar_layout":"default_layout","_jetpack_memberships_contains_paid_content":false,"footnotes":"","jetpack_publicize_message":"","jetpack_publicize_feature_enabled":true,"jetpack_social_post_already_shared":true,"jetpack_social_options":{"image_generator_settings":{"template":"highway","default_image_id":0,"font":"","enabled":false},"version":2}},"categories":[6],"tags":[],"class_list":["post-72432","post","type-post","status-publish","format-standard","has-post-thumbnail","hentry","category-columnistas"],"jetpack_publicize_connections":[],"jetpack_featured_media_url":"https:\/\/noticiasveracruz.com\/wp-content\/uploads\/2026\/01\/BANNER-LOPEZ-DORIGA-DIGITAL-4.jpg","jetpack_sharing_enabled":true,"publishpress_future_action":{"enabled":false,"date":"2026-05-07 01:04:27","action":"change-status","newStatus":"draft","terms":[],"taxonomy":"category","extraData":[]},"publishpress_future_workflow_manual_trigger":{"enabledWorkflows":[]},"_links":{"self":[{"href":"https:\/\/noticiasveracruz.com\/index.php\/wp-json\/wp\/v2\/posts\/72432","targetHints":{"allow":["GET"]}}],"collection":[{"href":"https:\/\/noticiasveracruz.com\/index.php\/wp-json\/wp\/v2\/posts"}],"about":[{"href":"https:\/\/noticiasveracruz.com\/index.php\/wp-json\/wp\/v2\/types\/post"}],"author":[{"embeddable":true,"href":"https:\/\/noticiasveracruz.com\/index.php\/wp-json\/wp\/v2\/users\/4"}],"replies":[{"embeddable":true,"href":"https:\/\/noticiasveracruz.com\/index.php\/wp-json\/wp\/v2\/comments?post=72432"}],"version-history":[{"count":0,"href":"https:\/\/noticiasveracruz.com\/index.php\/wp-json\/wp\/v2\/posts\/72432\/revisions"}],"wp:featuredmedia":[{"embeddable":true,"href":"https:\/\/noticiasveracruz.com\/index.php\/wp-json\/wp\/v2\/media\/72434"}],"wp:attachment":[{"href":"https:\/\/noticiasveracruz.com\/index.php\/wp-json\/wp\/v2\/media?parent=72432"}],"wp:term":[{"taxonomy":"category","embeddable":true,"href":"https:\/\/noticiasveracruz.com\/index.php\/wp-json\/wp\/v2\/categories?post=72432"},{"taxonomy":"post_tag","embeddable":true,"href":"https:\/\/noticiasveracruz.com\/index.php\/wp-json\/wp\/v2\/tags?post=72432"}],"curies":[{"name":"wp","href":"https:\/\/api.w.org\/{rel}","templated":true}]}}