{"id":72375,"date":"2026-01-23T00:02:39","date_gmt":"2026-01-23T06:02:39","guid":{"rendered":"https:\/\/noticiasveracruz.com\/?p=72375"},"modified":"2026-01-22T22:54:13","modified_gmt":"2026-01-23T04:54:13","slug":"responde-fge-a-veracruz-con-eficiencia-profesionalismo-e-innovacion","status":"publish","type":"post","link":"https:\/\/noticiasveracruz.com\/index.php\/2026\/01\/23\/responde-fge-a-veracruz-con-eficiencia-profesionalismo-e-innovacion\/","title":{"rendered":"Responde FGE a Veracruz con eficiencia, profesionalismo e innovaci\u00f3n"},"content":{"rendered":"<p>Durante su comparecencia ante el Congreso de Veracruz, la titular de la Fiscal\u00eda General del Estado (FGE), Lisbeth Aurelia Jim\u00e9nez Aguirre, expres\u00f3 su reconocimiento a la LXVII Legislatura por actualizar el marco legal en materia de investigaci\u00f3n de delitos del organismo aut\u00f3nomo a su cargo.<\/p>\n<p>Correspondi\u00f3 a la Comisi\u00f3n Permanente de Procuraci\u00f3n de Justicia, integrada por los diputados Diego Casta\u00f1eda Aburto, presidente, y Adri\u00e1n Sigfrido \u00c1vila Estrada, secretario, y la diputada Ingrid Jeny Calder\u00f3n Dom\u00ednguez, vocal, conducir este ejercicio de rendici\u00f3n de cuentas del periodo 2025.<\/p>\n<p>En su presentaci\u00f3n, la fiscal general mencion\u00f3 las 27 acciones del programa de modernizaci\u00f3n institucional, optimizaci\u00f3n de la operatividad y coordinaci\u00f3n interinstitucional puesto en marcha.<\/p>\n<p>Posteriormente, destac\u00f3 que la atenci\u00f3n dada por la Direcci\u00f3n de Mecanismos Alternativos de Soluci\u00f3n de Controversias, a trav\u00e9s de sus 28 oficinas en los 21 distritos judiciales de la entidad, a casi 23 mil 700 personas.<\/p>\n<p>As\u00ed como las acciones realizadas en las siete fiscal\u00edas regionales: Tantoyuca, Tuxpan, C\u00f3rdoba, Xalapa, Veracruz, Cosamaloapan y Coatzacoalcos, conformadas por Unidades y Sub-unidades Integrales de Procuraci\u00f3n de Justicia, como la apertura de m\u00e1s de 75 mil 500 carpetas de investigaci\u00f3n por delitos diversos.<\/p>\n<p>A su vez, la Fiscal\u00eda Especializada en Delitos contra las Mujeres, Feminicidio, Familia y Trata de Personas atendi\u00f3 a m\u00e1s de 98 mil usuarias e inici\u00f3 m\u00e1s de 18 mil carpetas de investigaci\u00f3n por violencia familiar, sexual, de g\u00e9nero, contra la ni\u00f1ez, la familia y la trata de personas.<\/p>\n<p>La Unidad Especializada en Combate al Secuestro, en sus cuatro coordinaciones con sedes en Tuxpan, Xalapa, C\u00f3rdoba y Coatzacoalcos, inform\u00f3 Lisbeth Jim\u00e9nez, dio asesor\u00eda jur\u00eddica, acompa\u00f1amiento, gesti\u00f3n de crisis y apoyo a m\u00e1s de tres mil 200 personas en investigaciones relacionadas con secuestro. Fueron liberadas 30 v\u00edctimas y obtenidas 53 sentencias condenatorias contra 128 personas, con penas que van de 50 hasta 140 a\u00f1os de prisi\u00f3n. A esto agreg\u00f3 95 detenciones.<\/p>\n<p>Mencion\u00f3 tambi\u00e9n la atenci\u00f3n a 47 casos de extorsi\u00f3n directa, la detenci\u00f3n de 49 personas y la inhabilitaci\u00f3n de m\u00e1s de cuatro mil 700 l\u00edneas telef\u00f3nicas utilizadas para este delito.<\/p>\n<p>La titular de la FGE dio a conocer las acciones de actualizaci\u00f3n, capacitaci\u00f3n y certificaci\u00f3n en derechos humanos, violencia de g\u00e9nero, atenci\u00f3n a v\u00edctimas, b\u00fasqueda de personas, desaparici\u00f3n forzada, justicia para adolescentes, mediaci\u00f3n penal y mecanismos alternativos de soluci\u00f3n de controversias, investigaci\u00f3n policial, criminal\u00edstica, medicina y gen\u00e9tica forense, cadena de custodia, litigaci\u00f3n, t\u00e9cnicas de interrogatorio, uso de la fuerza e inteligencia policial. Al cierre del ejercicio 2025, fueron capacitadas 14 mil 135 personas servidoras p\u00fablicas.<\/p>\n<p>Por \u00faltimo, la fiscal general inform\u00f3 acerca de la labor del Centro de Evaluaci\u00f3n y Control de Confianza, que valor\u00f3 a m\u00e1s de dos mil 300 personas y otorg\u00f3 713 certificados a polic\u00edas de Investigaci\u00f3n.<\/p>\n","protected":false},"excerpt":{"rendered":"<p>Durante su comparecencia ante el Congreso de Veracruz, la titular de la Fiscal\u00eda General del Estado (FGE), Lisbeth Aurelia Jim\u00e9nez<\/p>\n","protected":false},"author":4,"featured_media":72376,"comment_status":"closed","ping_status":"closed","sticky":false,"template":"","format":"standard","meta":{"colormag_page_container_layout":"default_layout","colormag_page_sidebar_layout":"default_layout","_jetpack_memberships_contains_paid_content":false,"footnotes":"","jetpack_publicize_message":"","jetpack_publicize_feature_enabled":true,"jetpack_social_post_already_shared":true,"jetpack_social_options":{"image_generator_settings":{"template":"highway","default_image_id":0,"font":"","enabled":false},"version":2}},"categories":[356],"tags":[],"class_list":["post-72375","post","type-post","status-publish","format-standard","has-post-thumbnail","hentry","category-veracruz"],"jetpack_publicize_connections":[],"jetpack_featured_media_url":"https:\/\/noticiasveracruz.com\/wp-content\/uploads\/2026\/01\/WhatsApp-Image-2026-01-21-at-14.19.39-1.jpeg","jetpack_sharing_enabled":true,"publishpress_future_action":{"enabled":false,"date":"2026-05-07 02:06:24","action":"change-status","newStatus":"draft","terms":[],"taxonomy":"category","extraData":[]},"publishpress_future_workflow_manual_trigger":{"enabledWorkflows":[]},"_links":{"self":[{"href":"https:\/\/noticiasveracruz.com\/index.php\/wp-json\/wp\/v2\/posts\/72375","targetHints":{"allow":["GET"]}}],"collection":[{"href":"https:\/\/noticiasveracruz.com\/index.php\/wp-json\/wp\/v2\/posts"}],"about":[{"href":"https:\/\/noticiasveracruz.com\/index.php\/wp-json\/wp\/v2\/types\/post"}],"author":[{"embeddable":true,"href":"https:\/\/noticiasveracruz.com\/index.php\/wp-json\/wp\/v2\/users\/4"}],"replies":[{"embeddable":true,"href":"https:\/\/noticiasveracruz.com\/index.php\/wp-json\/wp\/v2\/comments?post=72375"}],"version-history":[{"count":0,"href":"https:\/\/noticiasveracruz.com\/index.php\/wp-json\/wp\/v2\/posts\/72375\/revisions"}],"wp:featuredmedia":[{"embeddable":true,"href":"https:\/\/noticiasveracruz.com\/index.php\/wp-json\/wp\/v2\/media\/72376"}],"wp:attachment":[{"href":"https:\/\/noticiasveracruz.com\/index.php\/wp-json\/wp\/v2\/media?parent=72375"}],"wp:term":[{"taxonomy":"category","embeddable":true,"href":"https:\/\/noticiasveracruz.com\/index.php\/wp-json\/wp\/v2\/categories?post=72375"},{"taxonomy":"post_tag","embeddable":true,"href":"https:\/\/noticiasveracruz.com\/index.php\/wp-json\/wp\/v2\/tags?post=72375"}],"curies":[{"name":"wp","href":"https:\/\/api.w.org\/{rel}","templated":true}]}}