{"id":72358,"date":"2026-01-22T00:16:42","date_gmt":"2026-01-22T06:16:42","guid":{"rendered":"https:\/\/noticiasveracruz.com\/?p=72358"},"modified":"2026-01-21T22:37:27","modified_gmt":"2026-01-22T04:37:27","slug":"notifica-tesoreria-de-juarez-adeudos-millonarios-de-predial-a-pan-y-pri","status":"publish","type":"post","link":"https:\/\/noticiasveracruz.com\/index.php\/2026\/01\/22\/notifica-tesoreria-de-juarez-adeudos-millonarios-de-predial-a-pan-y-pri\/","title":{"rendered":"Notifica Tesorer\u00eda de Ju\u00e1rez adeudos millonarios de predial a PAN y PRI"},"content":{"rendered":"<p>La Tesorer\u00eda del Gobierno Municipal de Ciudad Ju\u00e1rez notific\u00f3 a los partidos Acci\u00f3n Nacional (PAN) y Revolucionario Institucional (PRI), adeudos hist\u00f3ricos en el pago del impuesto predial por un monto de 9.5 y 5.1 millones de pesos, respectivamente, derivado de que han omitido cumplir con este gravamen los \u00faltimos 14 a\u00f1os.<\/p>\n<p>De acuerdo con la administraci\u00f3n juarense, que encabeza el alcalde de Morena, Cruz P\u00e9rez Cuellar, el adeudo del PAN asciende a 9 millones 529 mil 180 pesos, correspondiente a dos edificios y un estacionamiento ubicados en la colonia Centro, de los cuales no se han registrado pagos desde el a\u00f1o 2012.<\/p>\n<p>El PRI debe a las arcas municipales 5 millones 148 mil pesos, por dos edificios, tambi\u00e9n con rezagos de predial acumulados varios a\u00f1os.<\/p>\n<p>La diligencia fue encabezada por el secretario del Ayuntamiento, H\u00e9ctor Rafael Ortiz Orpinel, junto con personal de la Direcci\u00f3n de Ingresos de la Tesorer\u00eda Municipal, quienes acudieron a los inmuebles del PAN y PRI para realizar la notificaci\u00f3n.<\/p>\n<p>El secretario del Ayuntamiento explic\u00f3 que estas acciones se realizan con el objetivo de exigir el cumplimiento del pago del impuesto predial, en un procedimiento que se realiza conforme a la ley y bajo los mecanismos establecidos para cualquier contribuyente, sin distinci\u00f3n alguna.<\/p>\n<p>Indic\u00f3 que la instrucci\u00f3n para realizar estas notificaciones fue girada por el alcalde Cruz P\u00e9rez Cu\u00e9llar, como parte de la estrategia de fortalecimiento de la recaudaci\u00f3n y de aplicaci\u00f3n equitativa de la normativa fiscal.<\/p>\n<p>Agreg\u00f3 que el adeudo supera los 14 a\u00f1os y que, independientemente de los cambios en las dirigencias partidistas durante ese periodo, la obligaci\u00f3n de pago permanece vigente.<\/p>\n","protected":false},"excerpt":{"rendered":"<p>La Tesorer\u00eda del Gobierno Municipal de Ciudad Ju\u00e1rez notific\u00f3 a los partidos Acci\u00f3n Nacional (PAN) y Revolucionario Institucional (PRI), adeudos<\/p>\n","protected":false},"author":4,"featured_media":72359,"comment_status":"closed","ping_status":"closed","sticky":false,"template":"","format":"standard","meta":{"colormag_page_container_layout":"default_layout","colormag_page_sidebar_layout":"default_layout","_jetpack_memberships_contains_paid_content":false,"footnotes":"","jetpack_publicize_message":"","jetpack_publicize_feature_enabled":true,"jetpack_social_post_already_shared":true,"jetpack_social_options":{"image_generator_settings":{"template":"highway","default_image_id":0,"font":"","enabled":false},"version":2}},"categories":[145],"tags":[],"class_list":["post-72358","post","type-post","status-publish","format-standard","has-post-thumbnail","hentry","category-estados"],"jetpack_publicize_connections":[],"jetpack_featured_media_url":"https:\/\/noticiasveracruz.com\/wp-content\/uploads\/2026\/01\/JUAR.jpg","jetpack_sharing_enabled":true,"publishpress_future_action":{"enabled":false,"date":"2026-05-07 04:24:35","action":"change-status","newStatus":"draft","terms":[],"taxonomy":"category","extraData":[]},"publishpress_future_workflow_manual_trigger":{"enabledWorkflows":[]},"_links":{"self":[{"href":"https:\/\/noticiasveracruz.com\/index.php\/wp-json\/wp\/v2\/posts\/72358","targetHints":{"allow":["GET"]}}],"collection":[{"href":"https:\/\/noticiasveracruz.com\/index.php\/wp-json\/wp\/v2\/posts"}],"about":[{"href":"https:\/\/noticiasveracruz.com\/index.php\/wp-json\/wp\/v2\/types\/post"}],"author":[{"embeddable":true,"href":"https:\/\/noticiasveracruz.com\/index.php\/wp-json\/wp\/v2\/users\/4"}],"replies":[{"embeddable":true,"href":"https:\/\/noticiasveracruz.com\/index.php\/wp-json\/wp\/v2\/comments?post=72358"}],"version-history":[{"count":0,"href":"https:\/\/noticiasveracruz.com\/index.php\/wp-json\/wp\/v2\/posts\/72358\/revisions"}],"wp:featuredmedia":[{"embeddable":true,"href":"https:\/\/noticiasveracruz.com\/index.php\/wp-json\/wp\/v2\/media\/72359"}],"wp:attachment":[{"href":"https:\/\/noticiasveracruz.com\/index.php\/wp-json\/wp\/v2\/media?parent=72358"}],"wp:term":[{"taxonomy":"category","embeddable":true,"href":"https:\/\/noticiasveracruz.com\/index.php\/wp-json\/wp\/v2\/categories?post=72358"},{"taxonomy":"post_tag","embeddable":true,"href":"https:\/\/noticiasveracruz.com\/index.php\/wp-json\/wp\/v2\/tags?post=72358"}],"curies":[{"name":"wp","href":"https:\/\/api.w.org\/{rel}","templated":true}]}}