{"id":72313,"date":"2026-01-22T00:01:25","date_gmt":"2026-01-22T06:01:25","guid":{"rendered":"https:\/\/noticiasveracruz.com\/?p=72313"},"modified":"2026-01-21T21:48:33","modified_gmt":"2026-01-22T03:48:33","slug":"marina-atendio-derrame","status":"publish","type":"post","link":"https:\/\/noticiasveracruz.com\/index.php\/2026\/01\/22\/marina-atendio-derrame\/","title":{"rendered":"Marina atendi\u00f3 derrame"},"content":{"rendered":"<p>La Secretar\u00eda de Marina a trav\u00e9s de la Armada de M\u00e9xico, inform\u00f3 que atendi\u00f3 a la brevedad el personal de la Primera Regi\u00f3n Naval implement\u00f3 acciones para la atenci\u00f3n de derrame de hidrocarburo, mismo que se suscit\u00f3 en el muelle Bicentenario de esta ciudad y puerto.<\/p>\n<p>Cabe destacar, que citadas acciones se derivaron tras recibir un aviso por parte de la ciudadan\u00eda, quienes notificaron la presencia de manchas iridiscentes y peque\u00f1as estelas de aceite en aguas marinas.<\/p>\n<p>Para la atenci\u00f3n de la emergencia, este Mando Naval despleg\u00f3 cinco elementos de esta Instituci\u00f3n a bordo de una embarcaci\u00f3n menor tipo Argos, mismos que, en coordinaci\u00f3n con personal perteneciente a la Capitan\u00eda de Puerto y a la ASIPONA Veracruz, encontraron en el lugar una mancha de tres metros de largo por un metro de ancho con aparente aceite, colocando barreras de material absorbente en el muelle Bicentenario tramo I y II.<\/p>\n<p>De esta manera, la Secretar\u00eda de Marina a trav\u00e9s de la Armada de M\u00e9xico, reitera su compromiso con la protecci\u00f3n del medio marino y los recursos naturales de M\u00e9xico, actuando bajo los principios de prevenci\u00f3n, coordinaci\u00f3n y respuesta inmediata, conforme a las normas internacionales de seguridad mar\u00edtima y ambiental.<\/p>\n","protected":false},"excerpt":{"rendered":"<p>La Secretar\u00eda de Marina a trav\u00e9s de la Armada de M\u00e9xico, inform\u00f3 que atendi\u00f3 a la brevedad el personal de<\/p>\n","protected":false},"author":4,"featured_media":72314,"comment_status":"closed","ping_status":"closed","sticky":false,"template":"","format":"standard","meta":{"colormag_page_container_layout":"default_layout","colormag_page_sidebar_layout":"default_layout","_jetpack_memberships_contains_paid_content":false,"footnotes":"","jetpack_publicize_message":"","jetpack_publicize_feature_enabled":true,"jetpack_social_post_already_shared":true,"jetpack_social_options":{"image_generator_settings":{"template":"highway","default_image_id":0,"font":"","enabled":false},"version":2}},"categories":[356],"tags":[],"class_list":["post-72313","post","type-post","status-publish","format-standard","has-post-thumbnail","hentry","category-veracruz"],"jetpack_publicize_connections":[],"jetpack_featured_media_url":"https:\/\/noticiasveracruz.com\/wp-content\/uploads\/2026\/01\/DERRA.jpg","jetpack_sharing_enabled":true,"publishpress_future_action":{"enabled":false,"date":"2026-05-07 01:55:50","action":"change-status","newStatus":"draft","terms":[],"taxonomy":"category","extraData":[]},"publishpress_future_workflow_manual_trigger":{"enabledWorkflows":[]},"_links":{"self":[{"href":"https:\/\/noticiasveracruz.com\/index.php\/wp-json\/wp\/v2\/posts\/72313","targetHints":{"allow":["GET"]}}],"collection":[{"href":"https:\/\/noticiasveracruz.com\/index.php\/wp-json\/wp\/v2\/posts"}],"about":[{"href":"https:\/\/noticiasveracruz.com\/index.php\/wp-json\/wp\/v2\/types\/post"}],"author":[{"embeddable":true,"href":"https:\/\/noticiasveracruz.com\/index.php\/wp-json\/wp\/v2\/users\/4"}],"replies":[{"embeddable":true,"href":"https:\/\/noticiasveracruz.com\/index.php\/wp-json\/wp\/v2\/comments?post=72313"}],"version-history":[{"count":0,"href":"https:\/\/noticiasveracruz.com\/index.php\/wp-json\/wp\/v2\/posts\/72313\/revisions"}],"wp:featuredmedia":[{"embeddable":true,"href":"https:\/\/noticiasveracruz.com\/index.php\/wp-json\/wp\/v2\/media\/72314"}],"wp:attachment":[{"href":"https:\/\/noticiasveracruz.com\/index.php\/wp-json\/wp\/v2\/media?parent=72313"}],"wp:term":[{"taxonomy":"category","embeddable":true,"href":"https:\/\/noticiasveracruz.com\/index.php\/wp-json\/wp\/v2\/categories?post=72313"},{"taxonomy":"post_tag","embeddable":true,"href":"https:\/\/noticiasveracruz.com\/index.php\/wp-json\/wp\/v2\/tags?post=72313"}],"curies":[{"name":"wp","href":"https:\/\/api.w.org\/{rel}","templated":true}]}}