{"id":72242,"date":"2026-01-19T21:20:50","date_gmt":"2026-01-20T03:20:50","guid":{"rendered":"https:\/\/noticiasveracruz.com\/?p=72242"},"modified":"2026-01-20T21:22:57","modified_gmt":"2026-01-21T03:22:57","slug":"la-foto-la-memoria-y-el-poder-cuando-la-imagen-no-borra-los-hechos","status":"publish","type":"post","link":"https:\/\/noticiasveracruz.com\/index.php\/2026\/01\/19\/la-foto-la-memoria-y-el-poder-cuando-la-imagen-no-borra-los-hechos\/","title":{"rendered":"La foto, la memoria y el poder: cuando la imagen no borra los hechos"},"content":{"rendered":"<p>Dicen los manuales de propaganda que una buena imagen puede reescribir una biograf\u00eda. Y a veces lo logra\u2026 hasta que la memoria colectiva decide no cooperar. La fotograf\u00eda difundida por Comunicaci\u00f3n Social del municipio de Boca del R\u00edo, donde aparece la presidenta municipal Mar\u00eda Josefina Gamboa Torales \u2014Mari Jos\u00e9 Gamboa\u2014 enfundada en una sudadera con el logotipo de la polic\u00eda, flanqueada por un guardia y el inspector municipal, es un ejemplo perfecto de ese intento.<\/p>\n<p>La imagen busca proyectar autoridad, cercan\u00eda con la corporaci\u00f3n, control del territorio. Orden. Pero como bien reza el lugar com\u00fan \u2014ese que a veces s\u00ed es cierto\u2014, una imagen vale m\u00e1s que mil palabras\u2026 sobre todo cuando despierta recuerdos que nadie ha logrado borrar.<\/p>\n<p>Al verla circular en redes sociales, m\u00e1s de uno no pens\u00f3 en seguridad p\u00fablica, sino en aquella madrugada de julio de 2014 en el bulevar de Boca del R\u00edo. No por morbo, sino por memoria. Fue entonces cuando Mar\u00eda Josefina Gamboa atropell\u00f3 y caus\u00f3 la muerte de una persona mientras conduc\u00eda en estado de ebriedad. El hecho no es rumor ni grilla: es un antecedente judicial documentado. En 2016 fue declarada culpable de homicidio culposo y condenada a 15 meses de prisi\u00f3n, pena que le fue conmutada conforme a la ley.<\/p>\n<p>La vida, ciertamente, da vueltas. Hoy, enero de 2026, la misma persona ocupa la presidencia municipal de Boca del R\u00edo. El dato no es menor ni anecd\u00f3tico: habla de la capacidad del sistema pol\u00edtico mexicano para reciclar perfiles y de la corta memoria institucional cuando el c\u00e1lculo electoral conviene.<\/p>\n<p>No se discute aqu\u00ed su derecho legal a participar en la vida p\u00fablica. La ley se cumpli\u00f3 en su momento. El punto es otro: el \u00e9tico y el simb\u00f3lico. Gobernar, sobre todo en un municipio de alto perfil medi\u00e1tico, no solo exige legalidad, sino autoridad moral. Y esa no se construye con sudaderas ni sesiones fotogr\u00e1ficas.<\/p>\n<p>La trayectoria pol\u00edtica de Gamboa es extensa: diputada local en dos legislaturas, diputada federal, funcionaria municipal, comunicadora de larga data. Nadie puede decir que lleg\u00f3 por accidente. Pero tampoco se puede exigir al ciudadano que haga borr\u00f3n y cuenta nueva cuando los episodios del pasado han sido tan reiteradamente pol\u00e9micos.<\/p>\n<p>En 2019, su nombre volvi\u00f3 a ocupar titulares por su participaci\u00f3n en la comisi\u00f3n legislativa que deb\u00eda decidir sobre el juicio pol\u00edtico contra Jorge Winckler, el exfiscal Yunista que hab\u00eda sido su abogado defensor. El conflicto de inter\u00e9s fue evidente, aunque pol\u00edticamente administrado. Ese mismo a\u00f1o se viralizaron videos donde se le observa agrediendo a un abogado y a personal de seguridad del Congreso, con se\u00f1alamientos expl\u00edcitos de consumo de alcohol. El mote de \u201cLady diputada\u201d no surgi\u00f3 de la nada.<\/p>\n<p>Nada de esto es linchamiento. Es contexto. Y el contexto importa cuando se ejerce poder p\u00fablico. M\u00e1s a\u00fan cuando se pretende encabezar \u2014simb\u00f3licamente\u2014 a una polic\u00eda municipal, instituci\u00f3n que deber\u00eda representar legalidad, disciplina y respeto a la ley.<\/p>\n<p>La pregunta de fondo no es si Mari Jos\u00e9 Gamboa puede gobernar. La ley ya respondi\u00f3 eso. La pregunta es si entiende el peso de su historia personal en el ejercicio del cargo y si su gobierno ser\u00e1 capaz de actuar con prudencia, mesura y responsabilidad institucional. Boca del R\u00edo no necesita espect\u00e1culos ni poses; necesita seguridad real, servidores p\u00fablicos sobrios y autoridad cre\u00edble.<\/p>\n<p>Las im\u00e1genes oficiales no deben provocar inquietud ni iron\u00eda, sino confianza. Cuando ocurre lo contrario, algo falla en el mensaje\u2026 o en el mensajero. O en ambos.<\/p>\n<p>Ojal\u00e1 la experiencia \u2014toda, la buena y la mala\u2014 haya servido para madurar el ejercicio del poder. Porque Boca del R\u00edo no est\u00e1 para revivir apodos ni episodios vergonzosos. Est\u00e1 para exigir resultados y conducta p\u00fablica intachable.<\/p>\n<p>La ciudadan\u00eda observa. Y la memoria, aunque a algunos les incomode, sigue teniendo muy buena vista.<\/p>\n<p><img loading=\"lazy\" decoding=\"async\" class=\"alignnone wp-image-72154 size-full\" src=\"http:\/\/noticiasveracruz.com\/wp-content\/uploads\/2026\/01\/FIRMA-EDITORIAL-PD-4.jpg\" alt=\"\" width=\"1024\" height=\"125\" srcset=\"https:\/\/noticiasveracruz.com\/wp-content\/uploads\/2026\/01\/FIRMA-EDITORIAL-PD-4.jpg 1024w, https:\/\/noticiasveracruz.com\/wp-content\/uploads\/2026\/01\/FIRMA-EDITORIAL-PD-4-300x37.jpg 300w, https:\/\/noticiasveracruz.com\/wp-content\/uploads\/2026\/01\/FIRMA-EDITORIAL-PD-4-768x94.jpg 768w\" sizes=\"auto, (max-width: 1024px) 100vw, 1024px\" \/><\/p>\n","protected":false},"excerpt":{"rendered":"<p>Dicen los manuales de propaganda que una buena imagen puede reescribir una biograf\u00eda. Y a veces lo logra\u2026 hasta que<\/p>\n","protected":false},"author":4,"featured_media":72065,"comment_status":"closed","ping_status":"closed","sticky":false,"template":"","format":"standard","meta":{"colormag_page_container_layout":"default_layout","colormag_page_sidebar_layout":"default_layout","_jetpack_memberships_contains_paid_content":false,"footnotes":"","jetpack_publicize_message":"","jetpack_publicize_feature_enabled":true,"jetpack_social_post_already_shared":true,"jetpack_social_options":{"image_generator_settings":{"template":"highway","default_image_id":0,"font":"","enabled":false},"version":2}},"categories":[6],"tags":[],"class_list":["post-72242","post","type-post","status-publish","format-standard","has-post-thumbnail","hentry","category-columnistas"],"jetpack_publicize_connections":[],"jetpack_featured_media_url":"https:\/\/noticiasveracruz.com\/wp-content\/uploads\/2026\/01\/BANNER-cristiani-NV.jpg","jetpack_sharing_enabled":true,"publishpress_future_action":{"enabled":false,"date":"2026-05-07 01:57:42","action":"change-status","newStatus":"draft","terms":[],"taxonomy":"category","extraData":[]},"publishpress_future_workflow_manual_trigger":{"enabledWorkflows":[]},"_links":{"self":[{"href":"https:\/\/noticiasveracruz.com\/index.php\/wp-json\/wp\/v2\/posts\/72242","targetHints":{"allow":["GET"]}}],"collection":[{"href":"https:\/\/noticiasveracruz.com\/index.php\/wp-json\/wp\/v2\/posts"}],"about":[{"href":"https:\/\/noticiasveracruz.com\/index.php\/wp-json\/wp\/v2\/types\/post"}],"author":[{"embeddable":true,"href":"https:\/\/noticiasveracruz.com\/index.php\/wp-json\/wp\/v2\/users\/4"}],"replies":[{"embeddable":true,"href":"https:\/\/noticiasveracruz.com\/index.php\/wp-json\/wp\/v2\/comments?post=72242"}],"version-history":[{"count":0,"href":"https:\/\/noticiasveracruz.com\/index.php\/wp-json\/wp\/v2\/posts\/72242\/revisions"}],"wp:featuredmedia":[{"embeddable":true,"href":"https:\/\/noticiasveracruz.com\/index.php\/wp-json\/wp\/v2\/media\/72065"}],"wp:attachment":[{"href":"https:\/\/noticiasveracruz.com\/index.php\/wp-json\/wp\/v2\/media?parent=72242"}],"wp:term":[{"taxonomy":"category","embeddable":true,"href":"https:\/\/noticiasveracruz.com\/index.php\/wp-json\/wp\/v2\/categories?post=72242"},{"taxonomy":"post_tag","embeddable":true,"href":"https:\/\/noticiasveracruz.com\/index.php\/wp-json\/wp\/v2\/tags?post=72242"}],"curies":[{"name":"wp","href":"https:\/\/api.w.org\/{rel}","templated":true}]}}