{"id":72233,"date":"2026-01-20T00:18:53","date_gmt":"2026-01-20T06:18:53","guid":{"rendered":"https:\/\/noticiasveracruz.com\/?p=72233"},"modified":"2026-01-19T23:06:57","modified_gmt":"2026-01-20T05:06:57","slug":"venezuela-activa-plan-para-aumentar-la-exportacion-de-oro","status":"publish","type":"post","link":"https:\/\/noticiasveracruz.com\/index.php\/2026\/01\/20\/venezuela-activa-plan-para-aumentar-la-exportacion-de-oro\/","title":{"rendered":"Venezuela activa plan para aumentar la exportaci\u00f3n de oro"},"content":{"rendered":"<p class=\"nota-justify\">La presidenta encargada, Delcy Rodr\u00edguez, inform\u00f3 este lunes que Venezuela ha activado un plan para aumentar la producci\u00f3n y exportaci\u00f3n de oro, as\u00ed como de otros minerales estrat\u00e9gicos como hierro y bauxita. El objetivo ser\u00eda aumentar el ingreso de divisas al pa\u00eds.<\/p>\n<p class=\"nota-justify\">\u201cEste plan lo estuvimos trabajando con el presidente Maduro el a\u00f1o pasado, el Plan Oro, para el incremento de la producci\u00f3n de oro, para el incremento de la producci\u00f3n de hierro, de bauxita, de los minerales estrat\u00e9gicos para el desarrollo industrial de Venezuela y tambi\u00e9n para la generaci\u00f3n de divisas a nuestro pa\u00eds\u201d, dijo Rodr\u00edguez en una comparecencia televisiva para explicar los avances del Motor Minero.<\/p>\n<p class=\"nota-justify\" lang=\"es-VE\">Inform\u00f3 que la producci\u00f3n nacional de oro alcanz\u00f3 un total de 9.5 toneladas durante el ejercicio fiscal 2025. En este periodo, la actividad minera registr\u00f3 una din\u00e1mica favorable distribuida entre el sector p\u00fablico, que alcanz\u00f3 un repunte del 81%, y el sector privado, que experiment\u00f3 un crecimiento del 34.8%. Se\u00f1al\u00f3 que la miner\u00eda ha sido \u201cun elemento importante en el crecimiento del Producto Interno Bruto de Venezuela, despu\u00e9s del Motor Hidrocarburos\u201d.<\/p>\n<p class=\"nota-justify\" lang=\"es-VE\">En marzo de 2018 la empresa canadiense Gold Reserve, en su Evaluaci\u00f3n Econ\u00f3mica Preliminar, certific\u00f3 en Venezuela la \u201ccuarta mina de oro m\u00e1s grande del mundo\u201d. Los recursos certificados se hallan en una peque\u00f1a \u00e1rea de 6 kil\u00f3metros del Arco Minero del Orinoco, en el estado Bol\u00edvar (sureste), y \u00abascienden a un mill\u00f3n 480 mil kilos, es decir, m\u00e1s de 52 millones de onzas troy de oro\u201d, seg\u00fan el Ministerio de Desarrollo Minero.<\/p>\n","protected":false},"excerpt":{"rendered":"<p>La presidenta encargada, Delcy Rodr\u00edguez, inform\u00f3 este lunes que Venezuela ha activado un plan para aumentar la producci\u00f3n y exportaci\u00f3n<\/p>\n","protected":false},"author":4,"featured_media":72234,"comment_status":"closed","ping_status":"closed","sticky":false,"template":"","format":"standard","meta":{"colormag_page_container_layout":"default_layout","colormag_page_sidebar_layout":"default_layout","_jetpack_memberships_contains_paid_content":false,"footnotes":"","jetpack_publicize_message":"","jetpack_publicize_feature_enabled":true,"jetpack_social_post_already_shared":true,"jetpack_social_options":{"image_generator_settings":{"template":"highway","default_image_id":0,"font":"","enabled":false},"version":2}},"categories":[355],"tags":[],"class_list":["post-72233","post","type-post","status-publish","format-standard","has-post-thumbnail","hentry","category-internacional"],"jetpack_publicize_connections":[],"jetpack_featured_media_url":"https:\/\/noticiasveracruz.com\/wp-content\/uploads\/2026\/01\/COOONTN.jpg","jetpack_sharing_enabled":true,"publishpress_future_action":{"enabled":false,"date":"2026-05-07 04:24:15","action":"change-status","newStatus":"draft","terms":[],"taxonomy":"category","extraData":[]},"publishpress_future_workflow_manual_trigger":{"enabledWorkflows":[]},"_links":{"self":[{"href":"https:\/\/noticiasveracruz.com\/index.php\/wp-json\/wp\/v2\/posts\/72233","targetHints":{"allow":["GET"]}}],"collection":[{"href":"https:\/\/noticiasveracruz.com\/index.php\/wp-json\/wp\/v2\/posts"}],"about":[{"href":"https:\/\/noticiasveracruz.com\/index.php\/wp-json\/wp\/v2\/types\/post"}],"author":[{"embeddable":true,"href":"https:\/\/noticiasveracruz.com\/index.php\/wp-json\/wp\/v2\/users\/4"}],"replies":[{"embeddable":true,"href":"https:\/\/noticiasveracruz.com\/index.php\/wp-json\/wp\/v2\/comments?post=72233"}],"version-history":[{"count":0,"href":"https:\/\/noticiasveracruz.com\/index.php\/wp-json\/wp\/v2\/posts\/72233\/revisions"}],"wp:featuredmedia":[{"embeddable":true,"href":"https:\/\/noticiasveracruz.com\/index.php\/wp-json\/wp\/v2\/media\/72234"}],"wp:attachment":[{"href":"https:\/\/noticiasveracruz.com\/index.php\/wp-json\/wp\/v2\/media?parent=72233"}],"wp:term":[{"taxonomy":"category","embeddable":true,"href":"https:\/\/noticiasveracruz.com\/index.php\/wp-json\/wp\/v2\/categories?post=72233"},{"taxonomy":"post_tag","embeddable":true,"href":"https:\/\/noticiasveracruz.com\/index.php\/wp-json\/wp\/v2\/tags?post=72233"}],"curies":[{"name":"wp","href":"https:\/\/api.w.org\/{rel}","templated":true}]}}