{"id":72200,"date":"2026-01-20T00:07:27","date_gmt":"2026-01-20T06:07:27","guid":{"rendered":"https:\/\/noticiasveracruz.com\/?p=72200"},"modified":"2026-01-19T22:37:11","modified_gmt":"2026-01-20T04:37:11","slug":"publican-ley-de-economia-circular-para-reducir-residuos-y-alargar-la-vida-de-los-productos","status":"publish","type":"post","link":"https:\/\/noticiasveracruz.com\/index.php\/2026\/01\/20\/publican-ley-de-economia-circular-para-reducir-residuos-y-alargar-la-vida-de-los-productos\/","title":{"rendered":"Publican Ley de Econom\u00eda Circular para reducir residuos y alargar la vida de los productos"},"content":{"rendered":"<div id=\"article-content-tts\" class=\"nota-contenido mb-5\">\n<div id=\"content_nitf\">\n<p class=\"nota-justify\">El gobierno federal public\u00f3 en el Diario Oficial de la Federaci\u00f3n (DOF) la Ley General de Econom\u00eda Circular, con la cual se busca incrementar la vida \u00fatil de los productos, minimizar, recuperar, aprovechar y valorizar los residuos, as\u00ed como establecer la concurrencia de atribuciones entre la Federaci\u00f3n, entidades federativas, municipios y demarcaciones territoriales de la Ciudad de M\u00e9xico.<\/p>\n<p class=\"nota-justify\">A partir de este martes, el decreto entra en vigor, y el Ejecutivo Federal tendr\u00e1 180 d\u00edas naturales para expedir el o los reglamentos de la Ley General de Econom\u00eda Circular.<\/p>\n<p class=\"nota-justify\">Para la coordinaci\u00f3n entre los tres \u00f3rdenes de gobierno para el cumplimiento de los fines del ramo, se fundar\u00e1 el Sistema Nacional de Econom\u00eda Circular, bajo la conducci\u00f3n de la Secretario de Medio Ambiente y Recursos Naturales y estar\u00e1 integrado por las secretar\u00edas de Econom\u00eda; Hacienda y Cr\u00e9dito P\u00fablico; Energ\u00eda; Desarrollo Agrario, Territorial y Urbano; Infraestructura, Comunicaciones y Transportes; Educaci\u00f3n P\u00fablica; Ciencia, Humanidades, Tecnolog\u00eda e Innovaci\u00f3n, y cada entidad federativa ser\u00e1 representada por conducto de la persona titular de la instituci\u00f3n con atribuciones en materia de medio ambiente y cuidado de los recursos naturales.<\/p>\n<p class=\"nota-justify\">A la vez, se desarrollar\u00e1 un Programa Nacional en la materia que integre, coordine e impulse pol\u00edticas p\u00fablicas, subprogramas, proyectos y actividades, bajo los criterios y principios de Econom\u00eda Circular, que deber\u00e1 darse a conocer en el DOF en un plazo no mayor a 180 d\u00edas naturales, contados a partir de la publicaci\u00f3n del Reglamento de la presente Ley.<\/p>\n<p class=\"nota-justify\">Asimismo, se crear\u00e1 un distintivo nacional para identificar los productos que cumplen con los principios y criterios de esta norma. Brinda informaci\u00f3n veraz, verificable y accesible al consumidor respecto del cumplimiento a lo dispuesto por esta Ley y tendr\u00e1 vigencia por tres a\u00f1os con posibilidad de renovarse.<\/p>\n<p class=\"nota-justify\">En cuanto a los rellenos sanitarios autorizados, a partir de hoy y dentro del plazo de cinco a\u00f1os con pr\u00f3rroga por acuerdo casu\u00edstico (decisi\u00f3n basada en el an\u00e1lisis detallado de un caso particular), iniciar\u00e1n un proceso progresivo de reconversi\u00f3n para cumplir con las metas de reducci\u00f3n de la disposici\u00f3n final para promover su integraci\u00f3n en el Modelo de Econom\u00eda Circular Nacional.<\/p>\n<p class=\"nota-justify\">Tambi\u00e9n con este decreto se reforman y adicionan diversas disposiciones de la Ley General del Equilibrio Ecol\u00f3gico y la Protecci\u00f3n al Ambiente y de la Ley General para la Prevenci\u00f3n y Gesti\u00f3n Integral de los Residuos.<\/p>\n<\/div>\n<\/div>\n<div class=\"notas-relacionadas\"><\/div>\n<div class=\"nota-tags\"><\/div>\n","protected":false},"excerpt":{"rendered":"<p>El gobierno federal public\u00f3 en el Diario Oficial de la Federaci\u00f3n (DOF) la Ley General de Econom\u00eda Circular, con la<\/p>\n","protected":false},"author":4,"featured_media":72201,"comment_status":"closed","ping_status":"closed","sticky":false,"template":"","format":"standard","meta":{"colormag_page_container_layout":"default_layout","colormag_page_sidebar_layout":"default_layout","_jetpack_memberships_contains_paid_content":false,"footnotes":"","jetpack_publicize_message":"","jetpack_publicize_feature_enabled":true,"jetpack_social_post_already_shared":true,"jetpack_social_options":{"image_generator_settings":{"template":"highway","default_image_id":0,"font":"","enabled":false},"version":2}},"categories":[4],"tags":[],"class_list":["post-72200","post","type-post","status-publish","format-standard","has-post-thumbnail","hentry","category-nacional"],"jetpack_publicize_connections":[],"jetpack_featured_media_url":"https:\/\/noticiasveracruz.com\/wp-content\/uploads\/2026\/01\/RESI.jpg","jetpack_sharing_enabled":true,"publishpress_future_action":{"enabled":false,"date":"2026-05-07 06:53:36","action":"change-status","newStatus":"draft","terms":[],"taxonomy":"category","extraData":[]},"publishpress_future_workflow_manual_trigger":{"enabledWorkflows":[]},"_links":{"self":[{"href":"https:\/\/noticiasveracruz.com\/index.php\/wp-json\/wp\/v2\/posts\/72200","targetHints":{"allow":["GET"]}}],"collection":[{"href":"https:\/\/noticiasveracruz.com\/index.php\/wp-json\/wp\/v2\/posts"}],"about":[{"href":"https:\/\/noticiasveracruz.com\/index.php\/wp-json\/wp\/v2\/types\/post"}],"author":[{"embeddable":true,"href":"https:\/\/noticiasveracruz.com\/index.php\/wp-json\/wp\/v2\/users\/4"}],"replies":[{"embeddable":true,"href":"https:\/\/noticiasveracruz.com\/index.php\/wp-json\/wp\/v2\/comments?post=72200"}],"version-history":[{"count":0,"href":"https:\/\/noticiasveracruz.com\/index.php\/wp-json\/wp\/v2\/posts\/72200\/revisions"}],"wp:featuredmedia":[{"embeddable":true,"href":"https:\/\/noticiasveracruz.com\/index.php\/wp-json\/wp\/v2\/media\/72201"}],"wp:attachment":[{"href":"https:\/\/noticiasveracruz.com\/index.php\/wp-json\/wp\/v2\/media?parent=72200"}],"wp:term":[{"taxonomy":"category","embeddable":true,"href":"https:\/\/noticiasveracruz.com\/index.php\/wp-json\/wp\/v2\/categories?post=72200"},{"taxonomy":"post_tag","embeddable":true,"href":"https:\/\/noticiasveracruz.com\/index.php\/wp-json\/wp\/v2\/tags?post=72200"}],"curies":[{"name":"wp","href":"https:\/\/api.w.org\/{rel}","templated":true}]}}