{"id":72191,"date":"2026-01-20T00:04:44","date_gmt":"2026-01-20T06:04:44","guid":{"rendered":"https:\/\/noticiasveracruz.com\/?p=72191"},"modified":"2026-01-19T22:28:55","modified_gmt":"2026-01-20T04:28:55","slug":"mariela-hernandez-garcia-es-designada-secretaria-de-salud-de-veracruz-19-enero-2026","status":"publish","type":"post","link":"https:\/\/noticiasveracruz.com\/index.php\/2026\/01\/20\/mariela-hernandez-garcia-es-designada-secretaria-de-salud-de-veracruz-19-enero-2026\/","title":{"rendered":"Mariela Hern\u00e1ndez Garc\u00eda es designada secretaria de Salud de Veracruz 19 enero, 2026"},"content":{"rendered":"<p>Mariela Hern\u00e1ndez Garc\u00eda fue designada como secretaria de Salud de Veracruz por la gobernadora Roc\u00edo Nahle Garc\u00eda, en sustituci\u00f3n de Valent\u00edn Herrera Alarc\u00f3n, en el marco de ajustes administrativos y del proceso de consolidaci\u00f3n del modelo IMSS-Bienestar en la entidad.<\/p>\n<p>Originaria del municipio de Las Choapas, Hern\u00e1ndez Garc\u00eda cuenta con experiencia en el \u00e1mbito municipal y legislativo. Se desempe\u00f1\u00f3 como diputada federal por Veracruz en la C\u00e1mara de Diputados, donde particip\u00f3 en los trabajos legislativos y en la discusi\u00f3n de pol\u00edticas p\u00fablicas de alcance nacional, representando a un distrito del sur del estado.<\/p>\n<p>Posteriormente, ocup\u00f3 el cargo de presidenta municipal de Las Choapas, desde el cual encabez\u00f3 la administraci\u00f3n local y mantuvo coordinaci\u00f3n con dependencias estatales y federales, principalmente en \u00e1reas relacionadas con servicios p\u00fablicos, atenci\u00f3n social y salud.<\/p>\n<p>Con esta trayectoria, Hern\u00e1ndez Garc\u00eda asume la conducci\u00f3n de la pol\u00edtica sanitaria estatal, con la responsabilidad de coordinar la operaci\u00f3n de hospitales y centros de salud, as\u00ed como el trabajo de las 11 jurisdicciones sanitarias en Veracruz.<\/p>\n","protected":false},"excerpt":{"rendered":"<p>Mariela Hern\u00e1ndez Garc\u00eda fue designada como secretaria de Salud de Veracruz por la gobernadora Roc\u00edo Nahle Garc\u00eda, en sustituci\u00f3n de<\/p>\n","protected":false},"author":4,"featured_media":72192,"comment_status":"closed","ping_status":"closed","sticky":false,"template":"","format":"standard","meta":{"colormag_page_container_layout":"default_layout","colormag_page_sidebar_layout":"default_layout","_jetpack_memberships_contains_paid_content":false,"footnotes":"","jetpack_publicize_message":"","jetpack_publicize_feature_enabled":true,"jetpack_social_post_already_shared":true,"jetpack_social_options":{"image_generator_settings":{"template":"highway","default_image_id":0,"font":"","enabled":false},"version":2}},"categories":[356],"tags":[],"class_list":["post-72191","post","type-post","status-publish","format-standard","has-post-thumbnail","hentry","category-veracruz"],"jetpack_publicize_connections":[],"jetpack_featured_media_url":"https:\/\/noticiasveracruz.com\/wp-content\/uploads\/2026\/01\/ENFEE.jpg","jetpack_sharing_enabled":true,"publishpress_future_action":{"enabled":false,"date":"2026-05-07 05:14:57","action":"change-status","newStatus":"draft","terms":[],"taxonomy":"category","extraData":[]},"publishpress_future_workflow_manual_trigger":{"enabledWorkflows":[]},"_links":{"self":[{"href":"https:\/\/noticiasveracruz.com\/index.php\/wp-json\/wp\/v2\/posts\/72191","targetHints":{"allow":["GET"]}}],"collection":[{"href":"https:\/\/noticiasveracruz.com\/index.php\/wp-json\/wp\/v2\/posts"}],"about":[{"href":"https:\/\/noticiasveracruz.com\/index.php\/wp-json\/wp\/v2\/types\/post"}],"author":[{"embeddable":true,"href":"https:\/\/noticiasveracruz.com\/index.php\/wp-json\/wp\/v2\/users\/4"}],"replies":[{"embeddable":true,"href":"https:\/\/noticiasveracruz.com\/index.php\/wp-json\/wp\/v2\/comments?post=72191"}],"version-history":[{"count":0,"href":"https:\/\/noticiasveracruz.com\/index.php\/wp-json\/wp\/v2\/posts\/72191\/revisions"}],"wp:featuredmedia":[{"embeddable":true,"href":"https:\/\/noticiasveracruz.com\/index.php\/wp-json\/wp\/v2\/media\/72192"}],"wp:attachment":[{"href":"https:\/\/noticiasveracruz.com\/index.php\/wp-json\/wp\/v2\/media?parent=72191"}],"wp:term":[{"taxonomy":"category","embeddable":true,"href":"https:\/\/noticiasveracruz.com\/index.php\/wp-json\/wp\/v2\/categories?post=72191"},{"taxonomy":"post_tag","embeddable":true,"href":"https:\/\/noticiasveracruz.com\/index.php\/wp-json\/wp\/v2\/tags?post=72191"}],"curies":[{"name":"wp","href":"https:\/\/api.w.org\/{rel}","templated":true}]}}