{"id":72188,"date":"2026-01-20T00:03:30","date_gmt":"2026-01-20T06:03:30","guid":{"rendered":"https:\/\/noticiasveracruz.com\/?p=72188"},"modified":"2026-01-19T22:27:03","modified_gmt":"2026-01-20T04:27:03","slug":"upav-se-ira-a-protesta","status":"publish","type":"post","link":"https:\/\/noticiasveracruz.com\/index.php\/2026\/01\/20\/upav-se-ira-a-protesta\/","title":{"rendered":"UPAV se ir\u00e1 a protesta"},"content":{"rendered":"<p>Trabajadores de la Universidad Popular Aut\u00f3noma de Veracruz (UPAV) dieron a conocer que el rector, Rodolfo Torres Vel\u00e1zquez, despidi\u00f3 alrededor de 500 trabajadores sin justificaci\u00f3n alguna.<\/p>\n<p>Los afectados acudieron a palacio de gobierno para solicitar el apoyo de la Mandataria estatal de Veracruz y darle a conocer qu\u00e9 el jueves 15 de enero 2026, fueron citados a una reuni\u00f3n con el Rector de la UPAV, Rodolfo Torres Vel\u00e1squez, en las instalaciones de la Cafeter\u00eda Solidaria de la Torre UPAV 20\/20 en punto de las 10:00 horas.<\/p>\n<p>Los empleados atendieron el llamado del oficio n\u00famero UPAV\/RECTOR\u00cdA\/0016\/2026, el cual se\u00f1alaba que el rector \u201ccompartir\u00eda informaci\u00f3n relevante relacionada con la situaci\u00f3n que enfrenta la instituci\u00f3n universitaria\u201d.<\/p>\n<p>Durante el encuentro con Torres Vel\u00e1squez, se les comunic\u00f3 que a partir del 16 de enero y hasta nuevo aviso, la Upav declaraba \u201cd\u00edas inh\u00e1biles respecto de los procesos de atenci\u00f3n al p\u00fablico, sin que afecte la atenci\u00f3n de Asuntos urgentes\u201d.<\/p>\n<p>El rector ech\u00f3 en cara a los trabajadores de \u00c1rea Administrativa con antig\u00fcedad del a\u00f1o 2005 de contar con prestaciones laborales, mientras que \u00e9l no tiene esos beneficios.<\/p>\n<p>\u201cAhorita ustedes tienen prestaciones que no tenemos los que nos pagan de n\u00f3mina gubernamental, ni el rector ni ninguno de los empleados que estamos aqu\u00ed. Ustedes tienen Seguridad Social y nosotros no. A nosotros nos pagan el monto neto, menos impuestos y no hay ning\u00fan otro pago ni prestaciones ni bonos ni pagos extraordinarios, ni nada\u201d, reclam\u00f3 el rector.<\/p>\n<p>Recordaron que de manera reciente, fue publicado el Decreto en la Gaceta Legislativa y en la Gaceta Oficial del Estado, en el que otorgan todas las facultades y responsabilidades a la administraci\u00f3n que encabeza el rector Rodolfo Torres Vel\u00e1squez. Los empleados se sorprendieron de escuchar de viva voz del rector que la UPAV no tiene recursos para pagarles.<\/p>\n<p>Adem\u00e1s, Torres Vel\u00e1squez ech\u00f3 abajo las promesas de autoridades del gobierno del estado de que se resolver\u00eda el problema de financiamiento de la UPAV.<\/p>\n","protected":false},"excerpt":{"rendered":"<p>Trabajadores de la Universidad Popular Aut\u00f3noma de Veracruz (UPAV) dieron a conocer que el rector, Rodolfo Torres Vel\u00e1zquez, despidi\u00f3 alrededor<\/p>\n","protected":false},"author":4,"featured_media":72189,"comment_status":"closed","ping_status":"closed","sticky":false,"template":"","format":"standard","meta":{"colormag_page_container_layout":"default_layout","colormag_page_sidebar_layout":"default_layout","_jetpack_memberships_contains_paid_content":false,"footnotes":"","jetpack_publicize_message":"","jetpack_publicize_feature_enabled":true,"jetpack_social_post_already_shared":true,"jetpack_social_options":{"image_generator_settings":{"template":"highway","default_image_id":0,"font":"","enabled":false},"version":2}},"categories":[356],"tags":[],"class_list":["post-72188","post","type-post","status-publish","format-standard","has-post-thumbnail","hentry","category-veracruz"],"jetpack_publicize_connections":[],"jetpack_featured_media_url":"https:\/\/noticiasveracruz.com\/wp-content\/uploads\/2026\/01\/UPA-1.jpg","jetpack_sharing_enabled":true,"publishpress_future_action":{"enabled":false,"date":"2026-05-07 04:24:02","action":"change-status","newStatus":"draft","terms":[],"taxonomy":"category","extraData":[]},"publishpress_future_workflow_manual_trigger":{"enabledWorkflows":[]},"_links":{"self":[{"href":"https:\/\/noticiasveracruz.com\/index.php\/wp-json\/wp\/v2\/posts\/72188","targetHints":{"allow":["GET"]}}],"collection":[{"href":"https:\/\/noticiasveracruz.com\/index.php\/wp-json\/wp\/v2\/posts"}],"about":[{"href":"https:\/\/noticiasveracruz.com\/index.php\/wp-json\/wp\/v2\/types\/post"}],"author":[{"embeddable":true,"href":"https:\/\/noticiasveracruz.com\/index.php\/wp-json\/wp\/v2\/users\/4"}],"replies":[{"embeddable":true,"href":"https:\/\/noticiasveracruz.com\/index.php\/wp-json\/wp\/v2\/comments?post=72188"}],"version-history":[{"count":0,"href":"https:\/\/noticiasveracruz.com\/index.php\/wp-json\/wp\/v2\/posts\/72188\/revisions"}],"wp:featuredmedia":[{"embeddable":true,"href":"https:\/\/noticiasveracruz.com\/index.php\/wp-json\/wp\/v2\/media\/72189"}],"wp:attachment":[{"href":"https:\/\/noticiasveracruz.com\/index.php\/wp-json\/wp\/v2\/media?parent=72188"}],"wp:term":[{"taxonomy":"category","embeddable":true,"href":"https:\/\/noticiasveracruz.com\/index.php\/wp-json\/wp\/v2\/categories?post=72188"},{"taxonomy":"post_tag","embeddable":true,"href":"https:\/\/noticiasveracruz.com\/index.php\/wp-json\/wp\/v2\/tags?post=72188"}],"curies":[{"name":"wp","href":"https:\/\/api.w.org\/{rel}","templated":true}]}}