{"id":72182,"date":"2026-01-20T00:01:02","date_gmt":"2026-01-20T06:01:02","guid":{"rendered":"https:\/\/noticiasveracruz.com\/?p=72182"},"modified":"2026-01-19T22:24:44","modified_gmt":"2026-01-20T04:24:44","slug":"afecta-aumento-a-salario-minimo","status":"publish","type":"post","link":"https:\/\/noticiasveracruz.com\/index.php\/2026\/01\/20\/afecta-aumento-a-salario-minimo\/","title":{"rendered":"Afecta aumento a salario m\u00ednimo"},"content":{"rendered":"<p>El incremento al salario m\u00ednimo vigente este a\u00f1o genera un impacto econ\u00f3mico en las empresas, principalmente en costos de seguridad social, se\u00f1al\u00f3 la Confederaci\u00f3n Patronal de la Rep\u00fablica Mexicana Xalapa. No obstante, el sector empresarial lo considera un esfuerzo necesario para las familias trabajadoras.<\/p>\n<p>El presidente de Coparmex Xalapa, Arturo Blanco Hern\u00e1ndez, explic\u00f3 que el aumento salarial incide de manera directa en la estructura de costos de las empresas, en particular en las obligaciones relacionadas con la seguridad social y en algunos casos infonavit.<\/p>\n<p>En entrevista, se\u00f1al\u00f3 que, aunque el ajuste representa un reto financiero para el sector productivo, es una medida que contribuye a que las y los trabajadores puedan cubrir necesidades b\u00e1sicas.<\/p>\n<p>Blanco Hern\u00e1ndez advirti\u00f3 que el panorama econ\u00f3mico para este a\u00f1o ser\u00e1 complejo, debido a incrementos en productos como refrescos y cigarros, derivados de ajustes en impuestos federales.<\/p>\n<p>Indic\u00f3 que estos cambios fiscales buscan generar recursos para atender temas de salud, pero tambi\u00e9n tienen efectos en el consumo y en la planeaci\u00f3n financiera de las empresas.<\/p>\n<p>El dirigente empresarial inform\u00f3 que el sector se encuentra en un proceso de planeaci\u00f3n y ajuste, especialmente en rubros como proveedur\u00eda y obra p\u00fablica, ante el nuevo contexto econ\u00f3mico.<\/p>\n<p>Coparmex Xalapa prev\u00e9 que los pr\u00f3ximos meses estar\u00e1n marcados por ajustes internos y di\u00e1logo con autoridades, con el objetivo de mantener la actividad econ\u00f3mica y el empleo en la regi\u00f3n.<\/p>\n","protected":false},"excerpt":{"rendered":"<p>El incremento al salario m\u00ednimo vigente este a\u00f1o genera un impacto econ\u00f3mico en las empresas, principalmente en costos de seguridad<\/p>\n","protected":false},"author":4,"featured_media":72183,"comment_status":"closed","ping_status":"closed","sticky":false,"template":"","format":"standard","meta":{"colormag_page_container_layout":"default_layout","colormag_page_sidebar_layout":"default_layout","_jetpack_memberships_contains_paid_content":false,"footnotes":"","jetpack_publicize_message":"","jetpack_publicize_feature_enabled":true,"jetpack_social_post_already_shared":true,"jetpack_social_options":{"image_generator_settings":{"template":"highway","default_image_id":0,"font":"","enabled":false},"version":2}},"categories":[356],"tags":[],"class_list":["post-72182","post","type-post","status-publish","format-standard","has-post-thumbnail","hentry","category-veracruz"],"jetpack_publicize_connections":[],"jetpack_featured_media_url":"https:\/\/noticiasveracruz.com\/wp-content\/uploads\/2026\/01\/DIN.jpg","jetpack_sharing_enabled":true,"publishpress_future_action":{"enabled":false,"date":"2026-05-07 02:47:06","action":"change-status","newStatus":"draft","terms":[],"taxonomy":"category","extraData":[]},"publishpress_future_workflow_manual_trigger":{"enabledWorkflows":[]},"_links":{"self":[{"href":"https:\/\/noticiasveracruz.com\/index.php\/wp-json\/wp\/v2\/posts\/72182","targetHints":{"allow":["GET"]}}],"collection":[{"href":"https:\/\/noticiasveracruz.com\/index.php\/wp-json\/wp\/v2\/posts"}],"about":[{"href":"https:\/\/noticiasveracruz.com\/index.php\/wp-json\/wp\/v2\/types\/post"}],"author":[{"embeddable":true,"href":"https:\/\/noticiasveracruz.com\/index.php\/wp-json\/wp\/v2\/users\/4"}],"replies":[{"embeddable":true,"href":"https:\/\/noticiasveracruz.com\/index.php\/wp-json\/wp\/v2\/comments?post=72182"}],"version-history":[{"count":0,"href":"https:\/\/noticiasveracruz.com\/index.php\/wp-json\/wp\/v2\/posts\/72182\/revisions"}],"wp:featuredmedia":[{"embeddable":true,"href":"https:\/\/noticiasveracruz.com\/index.php\/wp-json\/wp\/v2\/media\/72183"}],"wp:attachment":[{"href":"https:\/\/noticiasveracruz.com\/index.php\/wp-json\/wp\/v2\/media?parent=72182"}],"wp:term":[{"taxonomy":"category","embeddable":true,"href":"https:\/\/noticiasveracruz.com\/index.php\/wp-json\/wp\/v2\/categories?post=72182"},{"taxonomy":"post_tag","embeddable":true,"href":"https:\/\/noticiasveracruz.com\/index.php\/wp-json\/wp\/v2\/tags?post=72182"}],"curies":[{"name":"wp","href":"https:\/\/api.w.org\/{rel}","templated":true}]}}