{"id":7157,"date":"2022-08-17T09:13:48","date_gmt":"2022-08-17T14:13:48","guid":{"rendered":"https:\/\/noticiasveracruz.com\/?p=7157"},"modified":"2022-08-17T09:13:48","modified_gmt":"2022-08-17T14:13:48","slug":"en-la-lucha-contra-pandillas-van-50-mil-detenidos-en-el-salvador","status":"publish","type":"post","link":"https:\/\/noticiasveracruz.com\/index.php\/2022\/08\/17\/en-la-lucha-contra-pandillas-van-50-mil-detenidos-en-el-salvador\/","title":{"rendered":"En la lucha contra pandillas: van 50 mil detenidos en El Salvador\u00a0"},"content":{"rendered":"<p class=\"p2\">\n<p class=\"p2\"><span style=\"font-size: 14pt;\"><em><strong>SAN SALVADOR, SAL. <\/strong><\/em>La polic\u00eda de<span style=\"color: #e42d33;\"> <strong>El Salvador detuvo a 50 mil personas <\/strong><\/span>en el curso de una guerra contra las pandillas que lleva adelante el presidente Nayib Bukele hace cinco meses, amparado en un r\u00e9gimen de excepci\u00f3n, informaron las autoridades.<\/span><\/p>\n<p class=\"p2\"><span style=\"font-size: 18pt;\"><strong>\u201cPodemos informar a la poblaci\u00f3n salvadore\u00f1a que ya llegamos a los 50 mil registros de personas detenidas en el <span style=\"color: #e42d33;\">per\u00edodo del r\u00e9gimen de excepci\u00f3n<\/span>\u201d, declar\u00f3 el director de la Polic\u00eda Nacional Civil (PNC), Mauricio Arriaza.<\/strong><\/span><\/p>\n<p class=\"p2\"><span style=\"font-size: 14pt;\">Tanto Arriaza como los ministros Gustavo Villatoro (Justicia y Seguridad), y Ren\u00e9 Merino (Defensa), se presentaron este martes a la Asamblea Legislativa para solicitar la prolongaci\u00f3n de un r\u00e9gimen de excepci\u00f3n vigente desde fines marzo y que el Parlamento, controlado por los aliados de Nayib Bukele, ha ido prorrogando mes a mes.<\/span><\/p>\n<p class=\"p2\"><span style=\"font-size: 18pt;\"><strong>Este sistema, que permite detenciones sin orden judicial, se instaur\u00f3 en respuesta a una escalada homicida que cobr\u00f3 la vida de 87 personas del 25 al 27 de marzo.<\/strong><\/span><\/p>\n<p>&nbsp;<\/p>\n<p><img loading=\"lazy\" decoding=\"async\" class=\"aligncenter wp-image-9048 size-large\" src=\"https:\/\/politicosaldesnudo.com.mx\/wp-content\/uploads\/2022\/08\/P-PANDILLAS-3-1024x573.png\" alt=\"\" width=\"800\" height=\"448\" \/><\/p>\n<p>&nbsp;<\/p>\n<p class=\"p2\"><span style=\"font-size: 14pt;\">Para albergar a parte de los detenidos Nayib Bukele orden\u00f3 la construcci\u00f3n de una gigantesca c\u00e1rcel para 40 mil pandilleros en un \u00e1rea rural de la ciudad de Tecoluca, en el centro del pa\u00eds, que debe estar lista antes de fin de a\u00f1o.<\/span><\/p>\n<blockquote>\n<p class=\"p2\"><span style=\"font-size: 14pt;\">Los resultados del r\u00e9gimen de excepci\u00f3n han sido contundentes, hemos impactado fuertemente a estas estructuras terroristas (pandillas)\u201d<\/span><\/p>\n<\/blockquote>\n<p class=\"p2\"><span style=\"font-size: 18pt;\"><strong>En los 142 d\u00edas que lleva el r\u00e9gimen de excepci\u00f3n, seg\u00fan el ministro Merino, se contabilizan \u201c77 d\u00edas con cero homicidios\u201d, lo que representa \u201cun promedio de 0.77 de homicidios (por d\u00eda) durante la implementaci\u00f3n de la medida de seguridad\u201d.<\/strong><\/span><\/p>\n<p class=\"p2\"><span style=\"font-size: 14pt;\">Desde que se inici\u00f3 el r\u00e9gimen de excepci\u00f3n hasta el 12 de agosto, estad\u00edsticas oficiales consignan que el 85 por ciento de los detenidos eran hombres y 15 por ciento mujeres.<\/span><\/p>\n<p class=\"p2\"><span style=\"font-size: 18pt;\"><strong>Adem\u00e1s, el 68.9 por ciento es acusado de pertenecer a la Mara Salvatrucha (MS-13), seguida por la facci\u00f3n Sure\u00f1os de la pandilla Barrio 18 (17.7 por ciento) y la facci\u00f3n Revolucionarios de esa misma agrupaci\u00f3n (12.7 por ciento).<\/strong><\/span><\/p>\n<p class=\"p2\"><span style=\"font-size: 14pt;\">El restante 0.7 por ciento lo concentran las pandillas Mao Mao, MS503, M\u00e1quina y Mirada Locos Sure\u00f1os.<\/span><\/p>\n<p class=\"p2\"><span style=\"font-size: 18pt;\"><strong>Hasta antes del r\u00e9gimen de excepci\u00f3n exist\u00edan 16 mil pandilleros presos, por lo que ahora la cifra total llega a 66 mil encarcelados.<\/strong><\/span><\/p>\n<p>&nbsp;<\/p>\n<p><img loading=\"lazy\" decoding=\"async\" class=\"aligncenter wp-image-9047 size-large\" src=\"https:\/\/politicosaldesnudo.com.mx\/wp-content\/uploads\/2022\/08\/P-PANDILLAS-2-1024x573.png\" alt=\"\" width=\"800\" height=\"448\" \/><\/p>\n<p>&nbsp;<\/p>\n<p class=\"p2\"><span style=\"font-size: 18pt;\"><strong>En diferentes operaciones, la polic\u00eda y el ej\u00e9rcito han decomisado m\u00e1s de <span style=\"color: #e42d33;\">un mill\u00f3n de d\u00f3lares, adem\u00e1s de mil 283 armas, entre pistolas y fusiles<\/span>. Tambi\u00e9n fueron decomisados mil 543 veh\u00edculos, droga y tel\u00e9fonos celulares.<\/strong><\/span><\/p>\n<p>&nbsp;<\/p>\n<p>&nbsp;<\/p>\n","protected":false},"excerpt":{"rendered":"<p>SAN SALVADOR, SAL. La polic\u00eda de El Salvador detuvo a 50 mil personas en el curso de una guerra contra<\/p>\n","protected":false},"author":4,"featured_media":7158,"comment_status":"closed","ping_status":"closed","sticky":false,"template":"","format":"standard","meta":{"colormag_page_container_layout":"default_layout","colormag_page_sidebar_layout":"default_layout","_jetpack_memberships_contains_paid_content":false,"footnotes":"","jetpack_publicize_message":"","jetpack_publicize_feature_enabled":true,"jetpack_social_post_already_shared":false,"jetpack_social_options":{"image_generator_settings":{"template":"highway","default_image_id":0,"font":"","enabled":false},"version":2}},"categories":[355],"tags":[612,611,688],"class_list":["post-7157","post","type-post","status-publish","format-standard","has-post-thumbnail","hentry","category-internacional","tag-el-salvador","tag-nayib-bukele","tag-pandillas"],"jetpack_publicize_connections":[],"jetpack_featured_media_url":"https:\/\/noticiasveracruz.com\/wp-content\/uploads\/2022\/08\/P-PANDILLAS-1.png","jetpack_sharing_enabled":true,"publishpress_future_action":{"enabled":false,"date":"2026-05-07 07:01:02","action":"change-status","newStatus":"draft","terms":[],"taxonomy":"category","extraData":[]},"publishpress_future_workflow_manual_trigger":{"enabledWorkflows":[]},"_links":{"self":[{"href":"https:\/\/noticiasveracruz.com\/index.php\/wp-json\/wp\/v2\/posts\/7157","targetHints":{"allow":["GET"]}}],"collection":[{"href":"https:\/\/noticiasveracruz.com\/index.php\/wp-json\/wp\/v2\/posts"}],"about":[{"href":"https:\/\/noticiasveracruz.com\/index.php\/wp-json\/wp\/v2\/types\/post"}],"author":[{"embeddable":true,"href":"https:\/\/noticiasveracruz.com\/index.php\/wp-json\/wp\/v2\/users\/4"}],"replies":[{"embeddable":true,"href":"https:\/\/noticiasveracruz.com\/index.php\/wp-json\/wp\/v2\/comments?post=7157"}],"version-history":[{"count":0,"href":"https:\/\/noticiasveracruz.com\/index.php\/wp-json\/wp\/v2\/posts\/7157\/revisions"}],"wp:featuredmedia":[{"embeddable":true,"href":"https:\/\/noticiasveracruz.com\/index.php\/wp-json\/wp\/v2\/media\/7158"}],"wp:attachment":[{"href":"https:\/\/noticiasveracruz.com\/index.php\/wp-json\/wp\/v2\/media?parent=7157"}],"wp:term":[{"taxonomy":"category","embeddable":true,"href":"https:\/\/noticiasveracruz.com\/index.php\/wp-json\/wp\/v2\/categories?post=7157"},{"taxonomy":"post_tag","embeddable":true,"href":"https:\/\/noticiasveracruz.com\/index.php\/wp-json\/wp\/v2\/tags?post=7157"}],"curies":[{"name":"wp","href":"https:\/\/api.w.org\/{rel}","templated":true}]}}