{"id":7147,"date":"2022-08-17T08:29:46","date_gmt":"2022-08-17T13:29:46","guid":{"rendered":"https:\/\/noticiasveracruz.com\/?p=7147"},"modified":"2022-08-17T08:29:46","modified_gmt":"2022-08-17T13:29:46","slug":"rumbo-a-un-nuevo-sistema-agroalimentario-se-transforma-el-campo-en-tuxpan","status":"publish","type":"post","link":"https:\/\/noticiasveracruz.com\/index.php\/2022\/08\/17\/rumbo-a-un-nuevo-sistema-agroalimentario-se-transforma-el-campo-en-tuxpan\/","title":{"rendered":"Rumbo a un nuevo sistema agroalimentario, se transforma el campo en Tuxpan"},"content":{"rendered":"<p>&nbsp;<\/p>\n<p class=\"p1\"><span style=\"font-size: 14pt;\"><em><strong>TUXPAN, VER.<\/strong> <\/em>Con el objetivo de ofrecer alternativas de cr\u00e9ditos agropecuarios, capacitaci\u00f3n y asistencia t\u00e9cnica en favor del desarrollo, se realiz\u00f3 en <span style=\"color: #e42d33; font-size: 18pt;\"><strong>T<\/strong><strong>uxpan la Feria del Cr\u00e9dito Agroalimentario 2022.<\/strong><\/span><\/span><\/p>\n<p class=\"p1\"><span style=\"font-size: 18pt;\"><strong>Cientos de <span style=\"color: #e42d33;\">ganaderos y agricultores<\/span> de la zona norte del estado pudieron conocer las <span style=\"color: #e42d33;\">opciones de cr\u00e9dito que ofrecen instituciones bancarias y no bancarias<\/span>, que han resultado una gran opci\u00f3n para el desarrollo de proyectos y productos del sector agroalimentario del estado de Veracruz. <\/strong><\/span><\/p>\n<p>\u00a0<img loading=\"lazy\" decoding=\"async\" class=\"aligncenter wp-image-9035 size-large\" src=\"https:\/\/politicosaldesnudo.com.mx\/wp-content\/uploads\/2022\/08\/P-FERIA-AGROPECUARIO-TUXPAN2-1024x573.png\" alt=\"\" width=\"800\" height=\"448\" \/><\/p>\n<p>&nbsp;<\/p>\n<p class=\"p1\"><span style=\"font-size: 18pt;\"><strong>El alcalde Jos\u00e9 Manuel Pozos Castro agradeci\u00f3 la realizaci\u00f3n de esta Feria que brindar\u00e1 opciones reales de financiamiento a productores de Tuxpan y la regi\u00f3n, ya que es una gran oportunidad de tener acceso a cr\u00e9ditos, garant\u00edas, capacitaci\u00f3n, asistencia t\u00e9cnica y transferencia de tecnolog\u00eda.<\/strong><\/span><\/p>\n<p class=\"p1\"><span style=\"font-size: 14pt;\">Bajo ese tenor, reconoci\u00f3 el compromiso de la Secretar\u00eda de Desarrollo Agropecuario Rural y Pesca, y de los Fideicomisos Instituidos en Relaci\u00f3n con la Agricultura (FIRA), para hacer realidad la inclusi\u00f3n financiera en el sector primario.<\/span><\/p>\n<blockquote>\n<p class=\"p1\"><span style=\"font-size: 14pt;\">Antes era casi imposible acceder a cr\u00e9ditos agropecuarios, pero hoy las cosas han cambiado, porque en el campo se est\u00e1 gestando la soberan\u00eda alimentaria. Vamos a aprovechar el programa de conferencias y todo lo que nos ofrecen los proveedores de maquinaria e implementos, para obtener el m\u00e1ximo beneficio\u201d<\/span><\/p>\n<\/blockquote>\n<p>&nbsp;<\/p>\n<p><img loading=\"lazy\" decoding=\"async\" class=\"aligncenter wp-image-9034 size-large\" src=\"https:\/\/politicosaldesnudo.com.mx\/wp-content\/uploads\/2022\/08\/P-FERIA-AGROPECUARIO-TUXPAN1-1024x573.png\" alt=\"\" width=\"800\" height=\"448\" \/><\/p>\n<p>&nbsp;<\/p>\n<p class=\"p1\"><span style=\"font-size: 14pt;\">El MVZ. Humberto Amador Zaragoza agradeci\u00f3 al gobierno municipal de Tuxpan por brindar las condiciones id\u00f3neas para la realizaci\u00f3n de este evento. <\/span><\/p>\n<p class=\"p1\"><span style=\"font-size: 18pt;\"><strong><span style=\"font-size: 14pt;\">Amador Zaragoza I<\/span>ndic\u00f3 que este beneficio es para los ganaderos y agricultores que quieren darles el valor agregado a sus productos, y que buscan tener acceso a cr\u00e9ditos y financiamientos para no solo producir, sino para empezar a comercializarlos. <\/strong><\/span><\/p>\n<p class=\"p1\"><span style=\"font-size: 14pt;\">Puntualiz\u00f3 que habr\u00e1 un recurso de 230 millones de pesos, para que todos los productores veracruzanos tengan acceso a este beneficio a trav\u00e9s de diferentes instituciones bancarias como son Banco del Baj\u00edo S.A., Uni\u00f3n del Cr\u00e9dito Regional del Norte de Veracruz S.A. de C.V., Banco Santander, Banco Bilbao Vizcaya, Cooperativa San Andr\u00e9s Coyutla, Sociedad de Fomento Local Tepeyac, Supera Prestamos S.A. de C.V., Semillas Papalotla, Nestl\u00e9, entre otros. <\/span><\/p>\n<p>&nbsp;<\/p>\n<p><img loading=\"lazy\" decoding=\"async\" class=\"aligncenter wp-image-9037 size-large\" src=\"https:\/\/politicosaldesnudo.com.mx\/wp-content\/uploads\/2022\/08\/P-FERIA-AGROPECUARIO-TUXPAN4-1024x573.png\" alt=\"\" width=\"800\" height=\"448\" \/><\/p>\n<p>&nbsp;<\/p>\n<p class=\"p1\"><span style=\"font-size: 18pt;\"><strong>Este evento fue organizado por la Secretar\u00eda de Desarrollo Agropecuario, Rural y Pesca (Sedarpa), en coordinaci\u00f3n con los Fideicomisos Instituidos en Relaci\u00f3n a la Agricultura (FIRA) y el Ayuntamiento de Tuxpan.<\/strong><\/span><\/p>\n<p class=\"p1\"><span style=\"font-size: 14pt;\">La inauguraci\u00f3n de este evento estuvo encabezada por el MVZ. Humberto Amador Zaragoza, subsecretario de Ganader\u00eda y Pesca, en representaci\u00f3n del Dr. Evaristo Ovando Ram\u00edrez, secretario de Sedarpa; el presidente municipal Jos\u00e9 Manuel Pozos Castro; Ing. Roberto Capitaine Carl\u00edn, Residente Estatal de FIRA en Veracruz; Lic. Sandra Luz Sayago Mar\u00edn, agente de FIRA en Tuxpan.<\/span><\/p>\n<p class=\"p1\"><span style=\"font-size: 14pt;\">Asimismo, la Mtra. Beatriz Pi\u00f1a Vergara, S\u00edndica \u00danica;<span class=\"Apple-converted-space\">\u00a0 <\/span>la regidora Mar\u00eda del Pilar Mart\u00ednez Matesanz, comisionada en Fomento Agropecuario y el diputado Genaro Ib\u00e1\u00f1ez Mart\u00ednez.<\/span><\/p>\n<p class=\"p1\"><span style=\"font-size: 14pt;\">Tambi\u00e9n estuvieron presentes las regidoras y regidores Maryanela Monroy Flores, Anah\u00ed Aguilar L\u00f3pez, Juan G\u00f3mez Garc\u00eda, Lucero Res\u00e9ndis Ambrocio, Luis Demetrio L\u00f3pez Mar\u00edn, y Axel Bernal Herrera.<\/span><\/p>\n<p><img loading=\"lazy\" decoding=\"async\" class=\"aligncenter wp-image-9036 size-large\" src=\"https:\/\/politicosaldesnudo.com.mx\/wp-content\/uploads\/2022\/08\/P-FERIA-AGROPECUARIO-TUXPAN3-1024x573.png\" alt=\"\" width=\"800\" height=\"448\" \/><\/p>\n<p>&nbsp;<\/p>\n<p>&nbsp;<\/p>\n<p>&nbsp;<\/p>\n<p>&nbsp;<\/p>\n<p>&nbsp;<\/p>\n<p>&nbsp;<\/p>\n<p>&nbsp;<\/p>\n<p>&nbsp;<\/p>\n<p>&nbsp;<\/p>\n","protected":false},"excerpt":{"rendered":"<p>&nbsp; TUXPAN, VER. Con el objetivo de ofrecer alternativas de cr\u00e9ditos agropecuarios, capacitaci\u00f3n y asistencia t\u00e9cnica en favor del desarrollo,<\/p>\n","protected":false},"author":4,"featured_media":7152,"comment_status":"closed","ping_status":"closed","sticky":false,"template":"","format":"standard","meta":{"colormag_page_container_layout":"default_layout","colormag_page_sidebar_layout":"default_layout","_jetpack_memberships_contains_paid_content":false,"footnotes":"","jetpack_publicize_message":"","jetpack_publicize_feature_enabled":true,"jetpack_social_post_already_shared":false,"jetpack_social_options":{"image_generator_settings":{"template":"highway","default_image_id":0,"font":"","enabled":false},"version":2}},"categories":[356],"tags":[1245,1244,72,73],"class_list":["post-7147","post","type-post","status-publish","format-standard","has-post-thumbnail","hentry","category-veracruz","tag-campo","tag-feria-del-credito-agroalimentario","tag-tuxpan","tag-veracruz"],"jetpack_publicize_connections":[],"jetpack_featured_media_url":"https:\/\/noticiasveracruz.com\/wp-content\/uploads\/2022\/08\/P-FERIA-AGROPECUARIO-TUXPAN5.png","jetpack_sharing_enabled":true,"publishpress_future_action":{"enabled":false,"date":"2026-05-07 06:14:34","action":"change-status","newStatus":"draft","terms":[],"taxonomy":"category","extraData":[]},"publishpress_future_workflow_manual_trigger":{"enabledWorkflows":[]},"_links":{"self":[{"href":"https:\/\/noticiasveracruz.com\/index.php\/wp-json\/wp\/v2\/posts\/7147","targetHints":{"allow":["GET"]}}],"collection":[{"href":"https:\/\/noticiasveracruz.com\/index.php\/wp-json\/wp\/v2\/posts"}],"about":[{"href":"https:\/\/noticiasveracruz.com\/index.php\/wp-json\/wp\/v2\/types\/post"}],"author":[{"embeddable":true,"href":"https:\/\/noticiasveracruz.com\/index.php\/wp-json\/wp\/v2\/users\/4"}],"replies":[{"embeddable":true,"href":"https:\/\/noticiasveracruz.com\/index.php\/wp-json\/wp\/v2\/comments?post=7147"}],"version-history":[{"count":0,"href":"https:\/\/noticiasveracruz.com\/index.php\/wp-json\/wp\/v2\/posts\/7147\/revisions"}],"wp:featuredmedia":[{"embeddable":true,"href":"https:\/\/noticiasveracruz.com\/index.php\/wp-json\/wp\/v2\/media\/7152"}],"wp:attachment":[{"href":"https:\/\/noticiasveracruz.com\/index.php\/wp-json\/wp\/v2\/media?parent=7147"}],"wp:term":[{"taxonomy":"category","embeddable":true,"href":"https:\/\/noticiasveracruz.com\/index.php\/wp-json\/wp\/v2\/categories?post=7147"},{"taxonomy":"post_tag","embeddable":true,"href":"https:\/\/noticiasveracruz.com\/index.php\/wp-json\/wp\/v2\/tags?post=7147"}],"curies":[{"name":"wp","href":"https:\/\/api.w.org\/{rel}","templated":true}]}}