{"id":7142,"date":"2022-08-17T05:11:07","date_gmt":"2022-08-17T10:11:07","guid":{"rendered":"https:\/\/noticiasveracruz.com\/?p=7142"},"modified":"2022-08-17T07:16:00","modified_gmt":"2022-08-17T12:16:00","slug":"enloquecidos-por-la-sucesion","status":"publish","type":"post","link":"https:\/\/noticiasveracruz.com\/index.php\/2022\/08\/17\/enloquecidos-por-la-sucesion\/","title":{"rendered":"Enloquecidos por la sucesi\u00f3n"},"content":{"rendered":"<p class=\"p1\">\n<p class=\"p1\"><span style=\"font-size: 18pt;\"><strong>Por Aurelio Contreras Moreno<\/strong><\/span><\/p>\n<p class=\"p1\"><span style=\"font-size: 14pt;\">Los modos facciosos y hasta pandilleriles que caracterizan a Morena y que demostraron en todo su esplendor durante su reciente elecci\u00f3n interna, salieron a relucir nuevamente este fin e inicio de semana.<\/span><\/p>\n<p class=\"p1\"><span style=\"font-size: 14pt;\">Verdaderamente enloquecidos por la sucesi\u00f3n en la gubernatura \u2013hasta \u00bfparece? que Cuitl\u00e1huac Garc\u00eda ya no gobernara-, la camarilla que quiere mostrar a la zacatecana Roc\u00edo Nahle como \u201cungida\u201d desde ahora con una pretendida candidatura al gobierno de Veracruz, no dud\u00f3 en irse incluso contra su dirigente nacional, Mario Delgado Carrillo, porque se le ocurri\u00f3 aparecerse en el acto de campa\u00f1a \u2013disfrazado de informe de actividades- del todav\u00eda presidente de la C\u00e1mara de Diputados, el minatitleco Sergio Guti\u00e9rrez Luna.<\/span><\/p>\n<p class=\"p1\"><span style=\"font-size: 14pt;\">Aunque \u201cchillones\u201d y pusil\u00e1nimes como suelen ser, en lugar de plantarse frontalmente mandaron a lanzar puyas contra Delgado a un segund\u00f3n: el mismo al que sacrificaron como diputado local plurinominal para que entrara Juan Javier G\u00f3mez Cazar\u00edn a la LXVI Legislatura del Estado, cuando no le correspond\u00eda. Pero el mensaje del \u201cgrupo Nahle\u201d fue claro: no est\u00e1n dispuestos a siquiera tolerar un atisbo de competencia por la candidatura de Morena a la gubernatura de Veracruz.<\/span><\/p>\n<p class=\"p1\"><span style=\"font-size: 14pt;\">Sus personeros, textoservidores y cibersicarios se desga\u00f1itan por todos los medios que tienen a su disposici\u00f3n \u2013porque eso de que ya se acab\u00f3 el \u201cchayote\u201d es una de las m\u00e1s grandes falacias de la mal llamada \u201ccuarta transformaci\u00f3n\u201d- vociferando que ya \u201cno hay vuelta de hoja\u201d y que la secretaria de Energ\u00eda \u2013que nunca ha hecho absolutamente nada por Veracruz- es desde ahora la \u201celegida\u201d para suceder a Cuitl\u00e1huac Garc\u00eda Jim\u00e9nez \u2013o a quien en realidad gobierne la entidad- en el palacio de Enr\u00edquez.<\/span><\/p>\n<p class=\"p1\"><span style=\"font-size: 14pt;\">Si as\u00ed fuera, \u00bfpor qu\u00e9 entonces tanto alboroto? \u00bfPor qu\u00e9 los pone tan iracundos, tan fuera de sus cabales, el activismo de un pol\u00edtico que antes del a\u00f1o pasado era un completo desconocido en el estado y que, al igual que Roc\u00edo Nahle, no tiene arraigo alguno en Veracruz, aunque por lo menos \u00e9l s\u00ed naci\u00f3 en la entidad?<\/span><\/p>\n<p class=\"p1\"><span style=\"font-size: 14pt;\">Nadie que tenga dos dedos de frente podr\u00eda poner en duda que la decisi\u00f3n sobre qui\u00e9n ser\u00e1 candidato o candidata de Morena a la gubernatura de Veracruz pasa por la decisi\u00f3n de una sola persona: Andr\u00e9s Manuel L\u00f3pez Obrador, cuyo estilo personal de hacer pol\u00edtica es completamente vertical, nost\u00e1lgico de las \u201cfacultades metaconstitucionales\u201d del Ejecutivo mexicano que marcaron el ejercicio del poder en el r\u00e9gimen priista de partido hegem\u00f3nico, en el cual nadie m\u00e1s que el presidente de M\u00e9xico decid\u00eda sobre las candidaturas m\u00e1s importantes, incluida la de su sucesor.<\/span><\/p>\n<p class=\"p1\"><span style=\"font-size: 14pt;\">As\u00ed que quien sea candidata o candidato de Morena ser\u00e1 una decisi\u00f3n personal que tomar\u00e1 L\u00f3pez Obrador. Y si ya fuera un hecho que se hubiese decantado por Roc\u00edo Nahle, \u00bfpor qu\u00e9 la rasqui\u00f1a con Guti\u00e9rrez Luna?<\/span><\/p>\n<p class=\"p1\"><span style=\"font-size: 14pt;\">Esa misma verticalidad que rige en el \u201cmovimiento\u201d lopezobradorista hace evidente que Sergio Guti\u00e9rrez no podr\u00eda haber derrochado millones de pesos en recursos durante el \u00faltimo a\u00f1o para su promoci\u00f3n personal si no contara con la venia desde el m\u00e1s alto nivel. Irse por la libre no est\u00e1 en el \u201cmanual del buen morenista\u201d que, por el contrario, est\u00e1 aleccionado para no cuestionar y para obedecer lo que ordene \u201cya saben qui\u00e9n\u201d.<\/span><\/p>\n<p class=\"p1\"><span style=\"font-size: 14pt;\">M\u00e1s all\u00e1 de lo que haya logrado posicionarse en este tiempo Guti\u00e9rrez Luna \u2013cuyos excesos no lo hacen una opci\u00f3n mejor para el estado que cualquier otra de las que hay en su partido-, es un hecho que \u201cacalambr\u00f3\u201d al soberbio grup\u00fasculo que cree que tiene facturado Veracruz para s\u00ed. \u00bfSignifica que ser\u00e1 el candidato de Morena? Dif\u00edcilmente. Pero lo que es un hecho es que Nahle tampoco la tiene segura. <\/span><\/p>\n<p class=\"p1\"><span style=\"font-size: 14pt;\">\u00bfSer\u00e1 por eso que la quieren hacer pasar por veracruzana a chaleco?<\/span><\/p>\n<p>&nbsp;<\/p>\n<p>&nbsp;<\/p>\n<p class=\"p1\"><span style=\"font-size: 18pt;\"><strong>Correo: <a href=\"mailto:aureliocontreras@gmail.com\">aureliocontreras@gmail.com<\/a><\/strong><\/span><\/p>\n<p class=\"p1\"><span style=\"font-size: 18pt;\"><strong>Twitter: <a href=\"http:\/\/www.twitter.com\/yeyocontreras\">@yeyocontreras<\/a><\/strong><\/span><\/p>\n<p>&nbsp;<\/p>\n<p><span style=\"font-size: 18pt; color: #e42d33;\"><em><strong>**Las columnas firmadas en este medio son responsabilidad de quienes las firman**<\/strong><\/em><\/span><\/p>\n<p>&nbsp;<\/p>\n<p>&nbsp;<\/p>\n<p>&nbsp;<\/p>\n<p>&nbsp;<\/p>\n","protected":false},"excerpt":{"rendered":"<p>Por Aurelio Contreras Moreno Los modos facciosos y hasta pandilleriles que caracterizan a Morena y que demostraron en todo su<\/p>\n","protected":false},"author":4,"featured_media":3578,"comment_status":"closed","ping_status":"closed","sticky":false,"template":"","format":"standard","meta":{"colormag_page_container_layout":"default_layout","colormag_page_sidebar_layout":"default_layout","_jetpack_memberships_contains_paid_content":false,"footnotes":"","jetpack_publicize_message":"","jetpack_publicize_feature_enabled":true,"jetpack_social_post_already_shared":false,"jetpack_social_options":{"image_generator_settings":{"template":"highway","default_image_id":0,"font":"","enabled":false},"version":2}},"categories":[6],"tags":[],"class_list":["post-7142","post","type-post","status-publish","format-standard","has-post-thumbnail","hentry","category-columnistas"],"jetpack_publicize_connections":[],"jetpack_featured_media_url":"https:\/\/noticiasveracruz.com\/wp-content\/uploads\/2022\/04\/P-AURELIO-CONTRERAS.png","jetpack_sharing_enabled":true,"publishpress_future_action":{"enabled":false,"date":"2026-05-07 05:32:36","action":"change-status","newStatus":"draft","terms":[],"taxonomy":"category","extraData":[]},"publishpress_future_workflow_manual_trigger":{"enabledWorkflows":[]},"_links":{"self":[{"href":"https:\/\/noticiasveracruz.com\/index.php\/wp-json\/wp\/v2\/posts\/7142","targetHints":{"allow":["GET"]}}],"collection":[{"href":"https:\/\/noticiasveracruz.com\/index.php\/wp-json\/wp\/v2\/posts"}],"about":[{"href":"https:\/\/noticiasveracruz.com\/index.php\/wp-json\/wp\/v2\/types\/post"}],"author":[{"embeddable":true,"href":"https:\/\/noticiasveracruz.com\/index.php\/wp-json\/wp\/v2\/users\/4"}],"replies":[{"embeddable":true,"href":"https:\/\/noticiasveracruz.com\/index.php\/wp-json\/wp\/v2\/comments?post=7142"}],"version-history":[{"count":0,"href":"https:\/\/noticiasveracruz.com\/index.php\/wp-json\/wp\/v2\/posts\/7142\/revisions"}],"wp:featuredmedia":[{"embeddable":true,"href":"https:\/\/noticiasveracruz.com\/index.php\/wp-json\/wp\/v2\/media\/3578"}],"wp:attachment":[{"href":"https:\/\/noticiasveracruz.com\/index.php\/wp-json\/wp\/v2\/media?parent=7142"}],"wp:term":[{"taxonomy":"category","embeddable":true,"href":"https:\/\/noticiasveracruz.com\/index.php\/wp-json\/wp\/v2\/categories?post=7142"},{"taxonomy":"post_tag","embeddable":true,"href":"https:\/\/noticiasveracruz.com\/index.php\/wp-json\/wp\/v2\/tags?post=7142"}],"curies":[{"name":"wp","href":"https:\/\/api.w.org\/{rel}","templated":true}]}}