{"id":7140,"date":"2022-08-17T07:10:07","date_gmt":"2022-08-17T12:10:07","guid":{"rendered":"https:\/\/noticiasveracruz.com\/?p=7140"},"modified":"2022-08-17T07:10:07","modified_gmt":"2022-08-17T12:10:07","slug":"educacion-al-banquillo-de-los-acosados","status":"publish","type":"post","link":"https:\/\/noticiasveracruz.com\/index.php\/2022\/08\/17\/educacion-al-banquillo-de-los-acosados\/","title":{"rendered":"Educaci\u00f3n, al banquillo de los acosados"},"content":{"rendered":"<p>&nbsp;<\/p>\n<p class=\"p1\"><span style=\"font-size: 18pt;\"><strong>Por \u00c1ngel \u00c1lvaro Pe\u00f1a<\/strong><\/span><\/p>\n<p class=\"p1\"><span style=\"font-size: 18pt;\"><strong><span style=\"color: #e42d33;\">La designaci\u00f3n de la secretaria de Educaci\u00f3n P\u00fabica, Leticia Ram\u00edrez Amaya, tiene significados dignos de estudiarse que mueven a reflexi\u00f3n<\/span>. El simple hecho de ser mujer la coloca en un estado de vulnerabilidad ante las cr\u00edticas y de fragilidad ante los adversarios, quienes nunca vieron defectos en el secretario de Educaci\u00f3n P\u00fablica m\u00e1s caro de la historia que fue Aurelio Nu\u00f1o Meyer.<\/strong><\/span><\/p>\n<p>&nbsp;<\/p>\n<p><img loading=\"lazy\" decoding=\"async\" class=\"aligncenter wp-image-9020 size-large\" src=\"https:\/\/politicosaldesnudo.com.mx\/wp-content\/uploads\/2022\/08\/P-LETYRAMIREZ-1024x573.png\" alt=\"\" width=\"800\" height=\"448\" \/><\/p>\n<p>&nbsp;<\/p>\n<p class=\"p1\"><span style=\"font-size: 18pt;\"><strong><span style=\"color: #e42d33;\">Aurelio Nu\u00f1o<\/span>, egresado de la Universidad Iberoamericana y que nada ten\u00eda que ver con la educaci\u00f3n,<span style=\"color: #e42d33;\"> fue designado secretario de Educaci\u00f3n P\u00fablica para que le sirviera de trampol\u00edn pol\u00edtico para la candidatura a la Presidencia de la Rep\u00fablica<\/span> y con este pretexto se despach\u00f3 con la cuchara grande del presupuesto de la secretar\u00eda con mayor n\u00famero de trabajadores en M\u00e9xico.<\/strong><\/span><\/p>\n<p>&nbsp;<\/p>\n<p><img loading=\"lazy\" decoding=\"async\" class=\"aligncenter wp-image-9021 size-large\" src=\"https:\/\/politicosaldesnudo.com.mx\/wp-content\/uploads\/2022\/08\/P-NUN\u0303O1-1024x573.png\" alt=\"\" width=\"800\" height=\"448\" \/><\/p>\n<p>&nbsp;<\/p>\n<p class=\"p1\"><span style=\"font-size: 18pt;\"><strong><span style=\"color: #333333;\">Es decir, Nu\u00f1o no le rob\u00f3 dinero a 200 trabajadores de un municipio sino a un mill\u00f3n 374 mil 230 empleados de esa dependencia al gastar, en tan s\u00f3lo un a\u00f1o,\u00a02 mil millones de pesos en publicidad y promoci\u00f3n de imagen.<\/span>\u00a0Esto fue un sobreejercicio de recursos de 2,680% debido a que\u00a0el Congreso de la Uni\u00f3n s\u00f3lo hab\u00eda aprobado una partida de 70.6 millones de pesos. <span style=\"color: #e42d33;\">Nu\u00f1o gast\u00f3 5.3 millones de pesos diarios<\/span>, es decir si les hubiera aumentado el salario a los maestros hubiera tenido mejor lugar en la historia, pero rob\u00f3 a los mexicanos y a los trabajadores y maestros esa cantidad para convertirse en candidato, lugar que ni de lejos alcanz\u00f3.<\/strong><\/span><\/p>\n<p class=\"p1\"><span style=\"font-size: 14pt;\">Ni Elba Esther, ni el PAN, ni el PRI protestaron en ese momento. El silencio no s\u00f3lo los hace c\u00f3mplices sino traidores a la educaci\u00f3n. Ahora todos hablan y se desgarran las vestiduras.<\/span><\/p>\n<p class=\"p1\"><span style=\"font-size: 14pt;\">Ahora que es nombrada una profesora normalista, con licenciatura en antropolog\u00eda, las cr\u00edticas llueven. Y se adelantan a decir que no va a solicitar a Hacienda m\u00e1s presupuesto, cuando quien exigi\u00f3 a Hacienda m\u00e1s dinero para su promoci\u00f3n personal fue el amigo de Pe\u00f1a Nieto llamado Aurelio Nu\u00f1o, quien ahora esconde su verg\u00fcenza en una madriguera.<\/span><\/p>\n<p class=\"p1\"><span style=\"font-size: 18pt;\"><strong>Ese personaje gris fue corregido por una alumna de primaria porque el entonces funcionario <span style=\"color: #e42d33;\">no supo pronunciar la palabra leer<\/span>, s\u00f3lo dec\u00eda <span style=\"color: #139eca;\">\u201cler\u201d<\/span>, verbo, cuya pr\u00e1ctica, desde luego, desconoce.<\/strong><\/span><\/p>\n<p class=\"p1\"><span style=\"font-size: 14pt;\">Hasta para algunas mujeres de la oposici\u00f3n la designaci\u00f3n de Leticia Ram\u00edrez fue un error imperdonable y pronostican fracaso rotundo de la ense\u00f1anza, todav\u00eda no empieza sus funciones y ya la critican por lo que debe hacer y por lo que va admitir, en una especie de adivinanzas sobre la educaci\u00f3n p\u00fablica.<\/span><\/p>\n<p class=\"p1\"><span style=\"font-size: 14pt;\">Le atribuyen responsabilidades que no tuvo en sus atribuciones como atender las madres que buscan a sus hijos desaparecidos desde hace m\u00e1s de 30 a\u00f1os. La labor de ella radicaba en atender a los mexicanos que llegaban a Palacio Nacional, desde las 4 de la ma\u00f1ana, a pedir una silla de ruedas, un lugar en la escuela para sus hijos, una rectificaci\u00f3n de sentencia, un empleo. Todo esto fue satisfecho. Pero la ignorancia de los panistas la critican por no haber tendido un problema que nunca lleg\u00f3 a sus oficinas.<\/span><\/p>\n<p class=\"p1\"><span style=\"font-size: 14pt;\">Ahora la oposici\u00f3n, como si tuviera la conciencia limpia critica lo que va a pasar, como si conociera el futuro y condena los errores que todav\u00eda no se cometen. As\u00ed debiera adivinar qui\u00e9n va aganar las elecciones en los pr\u00f3ximos comicios luego de que no han hecho nada por el pa\u00eds desde esa oposici\u00f3n que s\u00f3lo se nota cuando grita e insulta.<\/span><\/p>\n<p class=\"p1\"><strong><span style=\"font-size: 18pt;\">La obsesi\u00f3n de criticar por criticar hunde m\u00e1s a la oposici\u00f3n que ni siquiera le da el beneficio de la duda a los nuevos funcionarios. Pero con esto quieren que se olviden los mexicanos de los aplausos que les han dado algunos a otros secretarios de Educaci\u00f3n como Reyes Tamez Guerra, que no sab\u00eda la O por lo redondo; o la de dudable honestidad Josefina V\u00e1zquez Mota, que todav\u00eda <span style=\"color: #e42d33;\">no se sabe d\u00f3nde dej\u00f3 mil 500 millones de pesos de la Fundaci\u00f3n Juntos Podemos<\/span>; o\u00a0\u00c1ngel C\u00f3rdova Villalobos, que lo mismo encabezaba el Sector Salud que la Educaci\u00f3n P\u00fablica, entre otros personajes que nunca impartieron clases y que debieran estar investigados.<\/span><\/strong><\/p>\n<p class=\"p1\"><span style=\"font-size: 14pt;\">Nadie dice que la actual secretaria de Educaci\u00f3n vaya a ser la mejor de la historia en M\u00e9xico, pero tampoco nadie puede asegurar, desde ahora, que fue una mala decisi\u00f3n.<\/span><\/p>\n<p>&nbsp;<\/p>\n<p class=\"p1\"><span style=\"font-size: 18pt; color: #e42d33;\"><strong>PEGA Y CORRE<\/strong><\/span><\/p>\n<p class=\"p1\"><span style=\"font-size: 14pt;\">Ha sido encontrado el cad\u00e1ver del periodista asesinado n\u00famero 14 en el a\u00f1o y el n\u00famero 55 en lo que va del sexenio, al ser encontrado el cad\u00e1ver de Juan Arj\u00f3n L\u00f3pez, con signos de violencia. Era director de la p\u00e1gina en internet \u201cA qu\u00e9 le temes\u201d, hab\u00eda desapareci\u00f3 el 9 de agosto. \u00bfHasta cu\u00e1ndo?<\/span><\/p>\n<p>&nbsp;<\/p>\n<p>&nbsp;<\/p>\n<p class=\"p1\"><span style=\"font-size: 18pt;\"><strong>Esta columna se publica los lunes, mi\u00e9rcoles y viernes<\/strong><\/span><\/p>\n<p>&nbsp;<\/p>\n<p><span style=\"font-size: 18pt; color: #e42d33;\"><em><strong>**Las columnas firmadas en este medio son responsabilidad de quienes las firman**<\/strong><\/em><\/span><\/p>\n<p>&nbsp;<\/p>\n<p>&nbsp;<\/p>\n<p>&nbsp;<\/p>\n","protected":false},"excerpt":{"rendered":"<p>&nbsp; Por \u00c1ngel \u00c1lvaro Pe\u00f1a La designaci\u00f3n de la secretaria de Educaci\u00f3n P\u00fabica, Leticia Ram\u00edrez Amaya, tiene significados dignos de<\/p>\n","protected":false},"author":4,"featured_media":0,"comment_status":"closed","ping_status":"closed","sticky":false,"template":"","format":"standard","meta":{"colormag_page_container_layout":"default_layout","colormag_page_sidebar_layout":"default_layout","_jetpack_memberships_contains_paid_content":false,"footnotes":"","jetpack_publicize_message":"","jetpack_publicize_feature_enabled":true,"jetpack_social_post_already_shared":false,"jetpack_social_options":{"image_generator_settings":{"template":"highway","default_image_id":0,"font":"","enabled":false},"version":2}},"categories":[6],"tags":[1243,1236,1093],"class_list":["post-7140","post","type-post","status-publish","format-standard","hentry","category-columnistas","tag-aurelio-nuno","tag-leticia-ramirez","tag-sep"],"jetpack_publicize_connections":[],"jetpack_featured_media_url":"","jetpack_sharing_enabled":true,"publishpress_future_action":{"enabled":false,"date":"2026-05-07 04:50:15","action":"change-status","newStatus":"draft","terms":[],"taxonomy":"category","extraData":[]},"publishpress_future_workflow_manual_trigger":{"enabledWorkflows":[]},"_links":{"self":[{"href":"https:\/\/noticiasveracruz.com\/index.php\/wp-json\/wp\/v2\/posts\/7140","targetHints":{"allow":["GET"]}}],"collection":[{"href":"https:\/\/noticiasveracruz.com\/index.php\/wp-json\/wp\/v2\/posts"}],"about":[{"href":"https:\/\/noticiasveracruz.com\/index.php\/wp-json\/wp\/v2\/types\/post"}],"author":[{"embeddable":true,"href":"https:\/\/noticiasveracruz.com\/index.php\/wp-json\/wp\/v2\/users\/4"}],"replies":[{"embeddable":true,"href":"https:\/\/noticiasveracruz.com\/index.php\/wp-json\/wp\/v2\/comments?post=7140"}],"version-history":[{"count":0,"href":"https:\/\/noticiasveracruz.com\/index.php\/wp-json\/wp\/v2\/posts\/7140\/revisions"}],"wp:attachment":[{"href":"https:\/\/noticiasveracruz.com\/index.php\/wp-json\/wp\/v2\/media?parent=7140"}],"wp:term":[{"taxonomy":"category","embeddable":true,"href":"https:\/\/noticiasveracruz.com\/index.php\/wp-json\/wp\/v2\/categories?post=7140"},{"taxonomy":"post_tag","embeddable":true,"href":"https:\/\/noticiasveracruz.com\/index.php\/wp-json\/wp\/v2\/tags?post=7140"}],"curies":[{"name":"wp","href":"https:\/\/api.w.org\/{rel}","templated":true}]}}