{"id":71106,"date":"2025-12-29T14:00:10","date_gmt":"2025-12-29T20:00:10","guid":{"rendered":"https:\/\/noticiasveracruz.com\/?p=71106"},"modified":"2025-12-30T13:37:19","modified_gmt":"2025-12-30T19:37:19","slug":"tuxpan-en-alerta-gris-en-fase-de-accion-por-el-arribo-del-frio-25-la-tarde-de-este-lunes-29-de-diciembre","status":"publish","type":"post","link":"https:\/\/noticiasveracruz.com\/index.php\/2025\/12\/29\/tuxpan-en-alerta-gris-en-fase-de-accion-por-el-arribo-del-frio-25-la-tarde-de-este-lunes-29-de-diciembre\/","title":{"rendered":"Tuxpan en Alerta Gris en fase de Acci\u00f3n por el arribo del Fr\u00edo 25 la tarde de este lunes 29 de diciembre"},"content":{"rendered":"<p>Tuxpan, Ver. (29\/12\/2025). Esta tarde se espera la llegada del Frente Fr\u00edo 25, que trae \u201cNorte\u201d violento, adem\u00e1s de lluvias fuertes y marcado descenso de temperatura.<\/p>\n<p>Ante ello, Protecci\u00f3n Civil del Gobierno del Estado ha emitido una \u201cAlerta Gris\u201d en Fase de Acci\u00f3n, misma que se hace extensiva a la poblaci\u00f3n tuxpe\u00f1a.<\/p>\n<p>El Ayuntamiento de Tuxpan recomienda realizar labores preventivas ante probabilidad de:<br \/>\n*Crecida de r\u00edos\/arroyos, encharcamiento e inundaciones.<br \/>\n*Deslaves, deslizamientos de tierra y derrumbes<br \/>\n*Destechamiento de casas, ca\u00eddas de \u00e1rboles, anuncios, espectaculares, etc.<br \/>\n*Suspensi\u00f3n de servicios estrat\u00e9gicos.<br \/>\n*Oleaje elevado.<\/p>\n<p>Protecci\u00f3n Civil destac\u00f3 que se espera un notable descenso de la temperatura entre martes y mi\u00e9rcoles.<\/p>\n","protected":false},"excerpt":{"rendered":"<p>Tuxpan, Ver. (29\/12\/2025). Esta tarde se espera la llegada del Frente Fr\u00edo 25, que trae \u201cNorte\u201d violento, adem\u00e1s de lluvias<\/p>\n","protected":false},"author":4,"featured_media":71107,"comment_status":"closed","ping_status":"closed","sticky":false,"template":"","format":"standard","meta":{"colormag_page_container_layout":"default_layout","colormag_page_sidebar_layout":"default_layout","_jetpack_memberships_contains_paid_content":false,"footnotes":"","jetpack_publicize_message":"","jetpack_publicize_feature_enabled":true,"jetpack_social_post_already_shared":true,"jetpack_social_options":{"image_generator_settings":{"template":"highway","default_image_id":0,"font":"","enabled":false},"version":2}},"categories":[3372,356],"tags":[],"class_list":["post-71106","post","type-post","status-publish","format-standard","has-post-thumbnail","hentry","category-gobierno-tuxpan","category-veracruz"],"jetpack_publicize_connections":[],"jetpack_featured_media_url":"https:\/\/noticiasveracruz.com\/wp-content\/uploads\/2025\/12\/WhatsApp-Image-2025-12-29-at-13.06.51.jpeg","jetpack_sharing_enabled":true,"publishpress_future_action":{"enabled":false,"date":"2026-05-05 19:26:07","action":"change-status","newStatus":"draft","terms":[],"taxonomy":"category","extraData":[]},"publishpress_future_workflow_manual_trigger":{"enabledWorkflows":[]},"_links":{"self":[{"href":"https:\/\/noticiasveracruz.com\/index.php\/wp-json\/wp\/v2\/posts\/71106","targetHints":{"allow":["GET"]}}],"collection":[{"href":"https:\/\/noticiasveracruz.com\/index.php\/wp-json\/wp\/v2\/posts"}],"about":[{"href":"https:\/\/noticiasveracruz.com\/index.php\/wp-json\/wp\/v2\/types\/post"}],"author":[{"embeddable":true,"href":"https:\/\/noticiasveracruz.com\/index.php\/wp-json\/wp\/v2\/users\/4"}],"replies":[{"embeddable":true,"href":"https:\/\/noticiasveracruz.com\/index.php\/wp-json\/wp\/v2\/comments?post=71106"}],"version-history":[{"count":0,"href":"https:\/\/noticiasveracruz.com\/index.php\/wp-json\/wp\/v2\/posts\/71106\/revisions"}],"wp:featuredmedia":[{"embeddable":true,"href":"https:\/\/noticiasveracruz.com\/index.php\/wp-json\/wp\/v2\/media\/71107"}],"wp:attachment":[{"href":"https:\/\/noticiasveracruz.com\/index.php\/wp-json\/wp\/v2\/media?parent=71106"}],"wp:term":[{"taxonomy":"category","embeddable":true,"href":"https:\/\/noticiasveracruz.com\/index.php\/wp-json\/wp\/v2\/categories?post=71106"},{"taxonomy":"post_tag","embeddable":true,"href":"https:\/\/noticiasveracruz.com\/index.php\/wp-json\/wp\/v2\/tags?post=71106"}],"curies":[{"name":"wp","href":"https:\/\/api.w.org\/{rel}","templated":true}]}}