{"id":71102,"date":"2025-12-29T00:16:33","date_gmt":"2025-12-29T06:16:33","guid":{"rendered":"https:\/\/noticiasveracruz.com\/?p=71102"},"modified":"2025-12-29T00:16:33","modified_gmt":"2025-12-29T06:16:33","slug":"la-presidenta-de-mexico-claudia-sheinbaum-pardo-vuelve-a-ser-noticia-en-el-plano-internacional","status":"publish","type":"post","link":"https:\/\/noticiasveracruz.com\/index.php\/2025\/12\/29\/la-presidenta-de-mexico-claudia-sheinbaum-pardo-vuelve-a-ser-noticia-en-el-plano-internacional\/","title":{"rendered":"La presidenta de M\u00e9xico, Claudia Sheinbaum Pardo, vuelve a ser noticia en el plano internacional"},"content":{"rendered":"<p>En Veracruz, con la reelecci\u00f3n del Adolfo Ram\u00edrez Arana (bofo), el PRI terminara de desaparecer.<\/p>\n<p>Una encuesta reci\u00e9n publicada ubica a la mandataria mexicana como la mujer que mejor gobierna su pa\u00eds, por encima de Lula da Silva, Javier Milei y otros. La evaluaci\u00f3n se basa sobre dos principales temas: el fortalecimiento del mercado interno y la dignificaci\u00f3n del trabajo (nacionalizaci\u00f3n del Litio, aumento al salario m\u00ednimo y jornada laboral de 40 horas).<br \/>\nTodo aquello que el PAN y el PRI combati\u00f3 implacablemente porque no estaban de acuerdo en la justicia social, hoy, es todo lo contrario y le da un merecido reconocimiento a M\u00e9xico; adem\u00e1s, le est\u00e1 dando resultados concretos de crecimiento y desarrollo econ\u00f3mico al pa\u00eds.<br \/>\nLos neoliberalistas simplemente no creyeron en la grandeza de M\u00e9xico, de manera que, durante d\u00e9cadas solo pensaron en sus privilegios y en privatizar las industrias mexicanas, esas industrias que hoy est\u00e1n siendo rescatadas y nacionalizadas. Sobre esos dos temas ha sido evaluado el gobierno de Claudia y el estudio concluye con gr\u00e1ficas en el que se\u00f1alan a los mexicanos en lo general, le ha ido bien. En redes sociales la presidenta, dijo: \u00abla transformaci\u00f3n da resultados\u00bb.<br \/>\nEstos, son los datos que les causa mucho escozor y provoca rabieta, a los analistas y polit\u00f3logos conservadores, esos que, todos los d\u00edas sue\u00f1an con una invasi\u00f3n estadounidense, que el d\u00f3lar suba y que la econom\u00eda mexicana se derrumbe, pues no, \u00e9sta vez, no hay nota buena para sus malos deseos.<br \/>\nEl nado sincronizado de la prensa conservadora con las malas noticias y; los medios que diariamente est\u00e1n a la expectativa de cualquier error que el gobierno pudiera cometer, para tratar de \u00abdesgastar\u00bb la imagen de una presidenta que, las cr\u00edticas le ha hecho lo que el viento a Ju\u00e1rez, porque gobierna con sentimientos y cercan\u00eda con la gente, si, a esa prensa no le sale nada a su favor.<br \/>\nTodo esto, es producto de un modelo econ\u00f3mico, social y pol\u00edtico, aqu\u00ed no hay nada de casualidades. La Cuarta Transformaci\u00f3n le apost\u00f3 al aumento del salario m\u00ednimo, al fortalecimiento del mercado interno, a la inversi\u00f3n p\u00fablica y a la dignificaci\u00f3n del trabajo y, se\u00f1ores, all\u00ed est\u00e1n los resultados, los n\u00fameros no mienten y para que m\u00e1s se molesten, las encuestas publicadas vienen del extranjero. \u201cNo que no se pod\u00eda\u201d, qu\u00e9 dec\u00edan y; por qu\u00e9 no quer\u00edan que el salario m\u00ednimo aumentara durante los gobiernos neoliberales, pues ment\u00edan y dec\u00edan que eso era imposible, porque el peso se devaluar\u00eda y que, los empresarios dejar\u00edan de invertir.<br \/>\nLos conservadores le apostaron a las privatizaciones y al desmantelamiento de nuestras industrias; a tal grado que vendieron todo. Nunca, nunca, olviden lo que los neoliberales heredaron, millones y millones de pobres y desempleados. Por un solo segundo imaginen c\u00f3mo ser\u00eda M\u00e9xico, si ellos siguieran gobernando, \u00bfustedes creen? que, m\u00e1s de 13 millones de pobres hubieran salido de la pobreza o que el \u00faltimo salario m\u00ednimo haya aumentado m\u00e1s del 100%. Son por esos resultados por los que, sin titubeos, el ciudadano decide dar su voto a la continuidad de la Cuarta Transformaci\u00f3n.<br \/>\nEsas noticias y otras de reconocimiento al gobierno de Claudia Sheinbaum, en el concierto mundial, tienen amilanados y desanimados a la oposici\u00f3n, pero en particular al PRI en Veracruz. Alejandro Moreno C\u00e1rdenas, l\u00edder nacional de lo que queda del PRI, decidi\u00f3 jug\u00e1rsela cuatro a\u00f1os m\u00e1s con el actual dirigente estatal Adolfo Ram\u00edrez Arana (bofo), Ram\u00edrez Arana ha sido el dirigente m\u00e1s bofo que ha tenido el PRI en Veracruz; es decir, su sobre &#8211; nombre &#8211; lo describe de cuerpo entero tal &#8211; cual &#8211; frente al oficialismo es un perfecto blando, flojo y hueco. No dice nada, no cuestiona nada, no propone nada, es un florero de plazoleta y nada m\u00e1s.<br \/>\nAl bofo lo nombran presidente del triste &#8211; c\u00e9lebre \u2013 otrora partidazo y le entregan al mismo tiempo la sotana para darle sepultura al tricolor en las elecciones del 2027. Se dice que, Alejandro Moreno C\u00e1rdenas, rechaz\u00f3, dej\u00f3 fuera o invalid\u00f3 el registro del que pudo haber ganado la consulta interna y levantar de la lona al aplastado PRI Ponciano V\u00e1zquez Parissi, a\u00fan presidente municipal de Cosoleacaque; aunque algunos priistas comentan que hubo acuerdos. Cualquiera que sea el caso, al priismo veracruzano le pueden ir cantando las golondrinas desde ahora mismo, ya que nada podr\u00e1 hacer un bofo al frente de \u00e9ste moribundo instituto pol\u00edtico.<br \/>\nLos hermanos Cirilo y Ponciano, despertaron mucho inter\u00e9s en la base priista, la esperanza de renacimiento y reposicionamiento de est\u00e1s siglas, por sus liderazgos y humanismo que les caracteriza. Si los acuerdos son de qu\u00e9; ellos, los hermanos V\u00e1zquez Parissi encabezar\u00edan las listas plurinominales en las elecciones del 2027, puede ser, pero estamos hablando de otra elecci\u00f3n y de otro momento, por lo pronto, haiga sido como haiga sido, el Poni fue sacrificado, en las pasadas elecciones a Cirilo, lo mandaron al cuarto lugar de la lista plurinominal; es decir, tambi\u00e9n lo sacrificaron.<br \/>\nNUEVO CABILDO DEL MUNICIPIO JUAN RODR\u00cdGUEZ CLARA 2026-2029.<\/p>\n<p>Presidente Municipal (Propietario) Profesor Irineo Mauleon Elvira, del partido MORENA quien en su mayor\u00eda tendr\u00e1 varones en el cabildo.<br \/>\nPresidencia Municipal Suplente C. Anacleto Montero Huesca.<br \/>\nS\u00edndica (Propietaria) Yadira Barradas Prieto.<br \/>\nS\u00edndica Suplente licenciada Cecilia Barradas Cruz<br \/>\nRegidur\u00eda 1. (Propietaria) licenciada Ruby Ju\u00e1rez Osorio. MORENA. Suplente Ruby Dom\u00ednguez Espinoza.<br \/>\nRegidor 2 (Propietario) Samuel Rojano Landa Partido Revolucionario Institucional PRI. Suplente profesor Armando Dom\u00ednguez Cervantes. Regidor 3. Licenciada Dina Libni Morales Portas partido Movimiento Ciudadano. Suplente ingeniero Eimy Guadalupe Uscanga Barradas. Regidor 4. (Propietario) Alberto Lagun\u00e9s Fern\u00e1ndez Partido del Trabajo PT. Suplente Anel Vel\u00e1squez Silva. Regidor 5. (Propietario) Eric de Jes\u00fas Cobos Dom\u00ednguez Partido Acci\u00f3n Nacional PAN. Suplente Francisco Ortiz Mart\u00ednez.<\/p>\n<p>Desde este espacio de an\u00e1lisis, agradecemos en todo lo que vale la gentileza de su preferencia. Le deseamos un venturoso 2026. Gracias.<\/p>\n<p><img loading=\"lazy\" decoding=\"async\" class=\"alignnone wp-image-70947 size-full\" src=\"http:\/\/noticiasveracruz.com\/wp-content\/uploads\/2025\/12\/FIRMA-EDITORIAL-PD-7.jpg\" alt=\"\" width=\"1024\" height=\"125\" srcset=\"https:\/\/noticiasveracruz.com\/wp-content\/uploads\/2025\/12\/FIRMA-EDITORIAL-PD-7.jpg 1024w, https:\/\/noticiasveracruz.com\/wp-content\/uploads\/2025\/12\/FIRMA-EDITORIAL-PD-7-300x37.jpg 300w, https:\/\/noticiasveracruz.com\/wp-content\/uploads\/2025\/12\/FIRMA-EDITORIAL-PD-7-768x94.jpg 768w\" sizes=\"auto, (max-width: 1024px) 100vw, 1024px\" \/><\/p>\n","protected":false},"excerpt":{"rendered":"<p>En Veracruz, con la reelecci\u00f3n del Adolfo Ram\u00edrez Arana (bofo), el PRI terminara de desaparecer. Una encuesta reci\u00e9n publicada ubica<\/p>\n","protected":false},"author":4,"featured_media":64461,"comment_status":"closed","ping_status":"closed","sticky":false,"template":"","format":"standard","meta":{"colormag_page_container_layout":"default_layout","colormag_page_sidebar_layout":"default_layout","_jetpack_memberships_contains_paid_content":false,"footnotes":"","jetpack_publicize_message":"","jetpack_publicize_feature_enabled":true,"jetpack_social_post_already_shared":true,"jetpack_social_options":{"image_generator_settings":{"template":"highway","default_image_id":0,"font":"","enabled":false},"version":2}},"categories":[6],"tags":[],"class_list":["post-71102","post","type-post","status-publish","format-standard","has-post-thumbnail","hentry","category-columnistas"],"jetpack_publicize_connections":[],"jetpack_featured_media_url":"https:\/\/noticiasveracruz.com\/wp-content\/uploads\/2025\/09\/LEAD-POLITICO-ROJO.jpg","jetpack_sharing_enabled":true,"publishpress_future_action":{"enabled":false,"date":"2026-05-07 06:11:55","action":"change-status","newStatus":"draft","terms":[],"taxonomy":"category","extraData":[]},"publishpress_future_workflow_manual_trigger":{"enabledWorkflows":[]},"_links":{"self":[{"href":"https:\/\/noticiasveracruz.com\/index.php\/wp-json\/wp\/v2\/posts\/71102","targetHints":{"allow":["GET"]}}],"collection":[{"href":"https:\/\/noticiasveracruz.com\/index.php\/wp-json\/wp\/v2\/posts"}],"about":[{"href":"https:\/\/noticiasveracruz.com\/index.php\/wp-json\/wp\/v2\/types\/post"}],"author":[{"embeddable":true,"href":"https:\/\/noticiasveracruz.com\/index.php\/wp-json\/wp\/v2\/users\/4"}],"replies":[{"embeddable":true,"href":"https:\/\/noticiasveracruz.com\/index.php\/wp-json\/wp\/v2\/comments?post=71102"}],"version-history":[{"count":0,"href":"https:\/\/noticiasveracruz.com\/index.php\/wp-json\/wp\/v2\/posts\/71102\/revisions"}],"wp:featuredmedia":[{"embeddable":true,"href":"https:\/\/noticiasveracruz.com\/index.php\/wp-json\/wp\/v2\/media\/64461"}],"wp:attachment":[{"href":"https:\/\/noticiasveracruz.com\/index.php\/wp-json\/wp\/v2\/media?parent=71102"}],"wp:term":[{"taxonomy":"category","embeddable":true,"href":"https:\/\/noticiasveracruz.com\/index.php\/wp-json\/wp\/v2\/categories?post=71102"},{"taxonomy":"post_tag","embeddable":true,"href":"https:\/\/noticiasveracruz.com\/index.php\/wp-json\/wp\/v2\/tags?post=71102"}],"curies":[{"name":"wp","href":"https:\/\/api.w.org\/{rel}","templated":true}]}}