{"id":71100,"date":"2025-12-29T00:12:04","date_gmt":"2025-12-29T06:12:04","guid":{"rendered":"https:\/\/noticiasveracruz.com\/?p=71100"},"modified":"2025-12-29T00:12:04","modified_gmt":"2025-12-29T06:12:04","slug":"moral-coherente","status":"publish","type":"post","link":"https:\/\/noticiasveracruz.com\/index.php\/2025\/12\/29\/moral-coherente\/","title":{"rendered":"\u00bfMoral coherente?"},"content":{"rendered":"<p>A finales del presente a\u00f1o la abogac\u00eda independiente de la Naci\u00f3n, se ha venido percatando que, en el Movimiento de Regeneraci\u00f3n Nacional iniciado por Andr\u00e9s Manuel L\u00f3pez Obrador, la moral no ha sido coherente y, en el seno de ese partido pol\u00edtico no se encuentran los valores inconmensurables que tanto pregonan sus militantes. Para ellos no existe un principio superior de inconmensurabilidad que resuelva el conflicto de criterios al que han dado origen ciertos electos por voto popular, los que han incurrido en casos de corrupci\u00f3n relacionados con el huachicol y la narco-pol\u00edtica.<\/p>\n<p>Como acertadamente ha venido se\u00f1alando a trav\u00e9s de los a\u00f1os Julio C\u00e9sar Orozco Posadas, \u201cla inconmensurabilidad supone la derrota de sus principios\u201d. La moral en ese movimiento pol\u00edtico no responde a los principios \u00e9ticos que deben regir a los mexicanos, sino que responde a la pol\u00edtica de dependencia a la cual se encuentran sometidas las instituciones que deben de procurar e impartir justicia.<\/p>\n<p>En la Fiscal\u00eda General de la Rep\u00fablica, hoy a cargo de la \u201cse\u00f1ora de la justicia\u201d Ernestina Godoy Ramos, no existe ning\u00fan principio \u00e9tico que permita resolver las contradicciones existentes para procurar justicia de manera decente. No obstante que en esa instituci\u00f3n s\u00ed existen funcionarios proclives a que se materialice el cambio que requiere M\u00e9xico a fin de tener una justicia de probidad.<\/p>\n<p>Dado esas malogradas complicidades del ayer y del hoy, el concepto de \u201cjusticia\u201d ha resultado disperso en esa fiscal\u00eda o como bien lo definiera Manuel Solares Mendiola, \u201cexisten diferentes e incoherentes esferas de injusticia, cada una de ellas, con diferentes intereses econ\u00f3micos o pol\u00edticos\u201d.<\/p>\n<p>Para la abogac\u00eda independiente de la naci\u00f3n es posible que los conceptos aludidos por tan eminentes togados sea correcta. Tanto\u00a0 para las togas independientes como la de esos ilustres que fueron mencionados, el problema de investigar en la esfera federal a esos forajidos de la pol\u00edtica que fueron electos por el voto popular, lleva a concluir que nuestras instituciones de justicia se encuentran sometidas a esa delincuencia pol\u00edtica, lo cual constituye un aspecto insalvable para obtener la justicia que M\u00e9xico necesita.<\/p>\n<p>\u00bfPodr\u00e1n lo tama\u00f1os de mujer que dice poseer Claudia Sheinbaum Pardo lograr que en M\u00e9xico la justicia sea como debe de ser?.<\/p>\n<p>Es cu\u00e1nto.<\/p>\n<p><img loading=\"lazy\" decoding=\"async\" class=\"alignnone wp-image-70947 size-full\" src=\"http:\/\/noticiasveracruz.com\/wp-content\/uploads\/2025\/12\/FIRMA-EDITORIAL-PD-7.jpg\" alt=\"\" width=\"1024\" height=\"125\" srcset=\"https:\/\/noticiasveracruz.com\/wp-content\/uploads\/2025\/12\/FIRMA-EDITORIAL-PD-7.jpg 1024w, https:\/\/noticiasveracruz.com\/wp-content\/uploads\/2025\/12\/FIRMA-EDITORIAL-PD-7-300x37.jpg 300w, https:\/\/noticiasveracruz.com\/wp-content\/uploads\/2025\/12\/FIRMA-EDITORIAL-PD-7-768x94.jpg 768w\" sizes=\"auto, (max-width: 1024px) 100vw, 1024px\" \/><\/p>\n","protected":false},"excerpt":{"rendered":"<p>A finales del presente a\u00f1o la abogac\u00eda independiente de la Naci\u00f3n, se ha venido percatando que, en el Movimiento de<\/p>\n","protected":false},"author":4,"featured_media":39135,"comment_status":"closed","ping_status":"closed","sticky":false,"template":"","format":"standard","meta":{"colormag_page_container_layout":"default_layout","colormag_page_sidebar_layout":"default_layout","_jetpack_memberships_contains_paid_content":false,"footnotes":"","jetpack_publicize_message":"","jetpack_publicize_feature_enabled":true,"jetpack_social_post_already_shared":true,"jetpack_social_options":{"image_generator_settings":{"template":"highway","default_image_id":0,"font":"","enabled":false},"version":2}},"categories":[6],"tags":[],"class_list":["post-71100","post","type-post","status-publish","format-standard","has-post-thumbnail","hentry","category-columnistas"],"jetpack_publicize_connections":[],"jetpack_featured_media_url":"https:\/\/noticiasveracruz.com\/wp-content\/uploads\/2024\/09\/NV-ALBERTO-WOOLRICH.jpg","jetpack_sharing_enabled":true,"publishpress_future_action":{"enabled":false,"date":"2026-05-07 06:02:47","action":"change-status","newStatus":"draft","terms":[],"taxonomy":"category","extraData":[]},"publishpress_future_workflow_manual_trigger":{"enabledWorkflows":[]},"_links":{"self":[{"href":"https:\/\/noticiasveracruz.com\/index.php\/wp-json\/wp\/v2\/posts\/71100","targetHints":{"allow":["GET"]}}],"collection":[{"href":"https:\/\/noticiasveracruz.com\/index.php\/wp-json\/wp\/v2\/posts"}],"about":[{"href":"https:\/\/noticiasveracruz.com\/index.php\/wp-json\/wp\/v2\/types\/post"}],"author":[{"embeddable":true,"href":"https:\/\/noticiasveracruz.com\/index.php\/wp-json\/wp\/v2\/users\/4"}],"replies":[{"embeddable":true,"href":"https:\/\/noticiasveracruz.com\/index.php\/wp-json\/wp\/v2\/comments?post=71100"}],"version-history":[{"count":0,"href":"https:\/\/noticiasveracruz.com\/index.php\/wp-json\/wp\/v2\/posts\/71100\/revisions"}],"wp:featuredmedia":[{"embeddable":true,"href":"https:\/\/noticiasveracruz.com\/index.php\/wp-json\/wp\/v2\/media\/39135"}],"wp:attachment":[{"href":"https:\/\/noticiasveracruz.com\/index.php\/wp-json\/wp\/v2\/media?parent=71100"}],"wp:term":[{"taxonomy":"category","embeddable":true,"href":"https:\/\/noticiasveracruz.com\/index.php\/wp-json\/wp\/v2\/categories?post=71100"},{"taxonomy":"post_tag","embeddable":true,"href":"https:\/\/noticiasveracruz.com\/index.php\/wp-json\/wp\/v2\/tags?post=71100"}],"curies":[{"name":"wp","href":"https:\/\/api.w.org\/{rel}","templated":true}]}}