{"id":71098,"date":"2025-12-29T00:09:11","date_gmt":"2025-12-29T06:09:11","guid":{"rendered":"https:\/\/noticiasveracruz.com\/?p=71098"},"modified":"2025-12-29T00:09:11","modified_gmt":"2025-12-29T06:09:11","slug":"humanidad-en-riesgo","status":"publish","type":"post","link":"https:\/\/noticiasveracruz.com\/index.php\/2025\/12\/29\/humanidad-en-riesgo\/","title":{"rendered":"Humanidad en riesgo"},"content":{"rendered":"<p>\u00bfQu\u00e9 nos hace humanos? Esta pregunta ha sido parte de un debate central desde<br \/>\nhace siglos, fil\u00f3sofos como Arist\u00f3teles y Ren\u00e9 Descartes pensaban que la<br \/>\ndiferencia principal del ser humano en comparaci\u00f3n con otras especies estaba<br \/>\njusto en la raz\u00f3n, con el tiempo a esto se le llam\u00f3 conciencia y conforme hemos<br \/>\navanzado en conocimiento buscamos m\u00e1s elementos que puedan igualar lo que<br \/>\nconsideramos como un ser humano.<br \/>\nCon tantos avances tecnol\u00f3gicos y la llegada de la inteligencia artificial el debate<br \/>\nse hace a\u00fan m\u00e1s profundo, no es solo la resoluci\u00f3n de problemas, sino tambi\u00e9n<br \/>\nhay algo m\u00e1s profundo y a\u00fan inexplicable que nos conecta con otras personas, la<br \/>\nempat\u00eda y la capacidad de reconocernos en los dem\u00e1s es tambi\u00e9n parte de<br \/>\nnuestra humanidad, as\u00ed lo pensaban fil\u00f3sofos como David Hume y Adam Smith,<br \/>\nsin embargo \u00bfqu\u00e9 tanto aplicamos nuestra humanidad en la interacci\u00f3n cotidiana<br \/>\ncon otras personas?<br \/>\nEn medio de escenarios automatizados, muchas personas agradecen la calidad<br \/>\nen el servicio, cualidad que en muchos espacios se ha perdido y para evitar<br \/>\ngrandes inversiones en capacitaciones hay empresas que prefieren destinar los<br \/>\nrecursos a bots personalizados que con mayor amabilidad resuelven las<br \/>\nproblem\u00e1ticas, sin embargo, pese a los esfuerzos y avances nada se compara con<br \/>\nun trato verdaderamente humano.<br \/>\nSin importar el rubro en el que trabajes, todas las personas estamos en contacto<br \/>\ncon otras y necesitamos de habilidades blandas para destacar en nuestros<br \/>\ndistintos \u00e1mbitos, principalmente de la empat\u00eda, misma que cada vez es m\u00e1s<br \/>\nescasa en puestos de atenci\u00f3n. Es com\u00fan que en una era de hiperconectividad un<br \/>\nlugar se vuelva famoso por sus rese\u00f1as o pierda la popularidad por la misma<br \/>\nraz\u00f3n, las empresas y cualquier negocio puede crecer y posicionarse por encima<br \/>\nde cualquier competencia si toma en cuenta lo importante de una sonrisa, el<br \/>\nrespeto, resoluci\u00f3n de problemas y amabilidad. Incluso si no se tiene la respuesta<br \/>\ncorrecta, es m\u00e1s probable que se tenga empat\u00eda ante la situaci\u00f3n si tan solo se<br \/>\natiende bajo una actitud positiva en comparaci\u00f3n con quien no presta atenci\u00f3n y<br \/>\nsolo refunfu\u00f1a.<br \/>\nLos restaurantes de alta gama, los hoteles con categor\u00eda diamante y las empresas<br \/>\nque facturan m\u00e1s de 6 o 7 cifras, han llegado hasta este punto porque reconocen<br \/>\nel valor de habilidades blandas, esas que no te ense\u00f1an en la escuela, pero que<br \/>\ntoda persona deber\u00eda identificar como la inteligencia emocional, la asertividad, la<br \/>\ncreatividad, el liderazgo y la gesti\u00f3n del tiempo. Saber qui\u00e9nes somos y c\u00f3mo<br \/>\nconectamos con otros bajo distintos escenarios puede abrir m\u00e1s puertas de las<\/p>\n<p>que imaginamos, sin embargo, a veces se nos olvida que nuestra esencia humana<br \/>\nva m\u00e1s all\u00e1 de solo un rol.<br \/>\nPocos son los espacios donde actualmente encuentras un buen servicio y no es<br \/>\nsolo culpa del personal que trabaja en las empresas, tambi\u00e9n es responsabilidad<br \/>\nde clientes, pues en la inmediatez cotidiana se nos olvida decir hola, buenas<br \/>\ntardes, antes de hacer cualquier solicitud y a cambio nos topamos con personas<br \/>\naltamente frustradas en puestos o espacios que realmente no disfrutan. Todo lo<br \/>\nanterior responde tambi\u00e9n a un sistema, que ha priorizado lo operativo por encima<br \/>\nde lo humano, de v\u00ednculos sociales y una verdadera calidad de vida.<br \/>\n\u00bfCu\u00e1ndo fue la \u00faltima vez que hiciste algo solo por placer? Esas peque\u00f1as<br \/>\nacciones en las que aparece el disfrute o incluso momentos de no hacer nada, son<br \/>\nindispensables para conectar con lo m\u00e1s profundo de nuestra humanidad, eso que<br \/>\nninguna computadora puede igualar, la creatividad, la resiliencia y la posibilidad de<br \/>\nhacer algo completamente nuevo e inesperado.<br \/>\nAntes de cerrar este 2025, te invito a reflexionar a ti, \u00bfQu\u00e9 te hace humano? \u00bfQu\u00e9<br \/>\nte da felicidad? \u00bfC\u00f3mo recargas tu pila? Toma al menos un instante en este cierre<br \/>\nde ciclos y conecta con eso que te hace un ser \u00fanico y especial, ah\u00ed est\u00e1 el<br \/>\nverdadero sentido de nuestra humanidad. \u00a1Felices fiestas!<\/p>\n<p><img loading=\"lazy\" decoding=\"async\" class=\"alignnone wp-image-70947 size-full\" src=\"http:\/\/noticiasveracruz.com\/wp-content\/uploads\/2025\/12\/FIRMA-EDITORIAL-PD-7.jpg\" alt=\"\" width=\"1024\" height=\"125\" srcset=\"https:\/\/noticiasveracruz.com\/wp-content\/uploads\/2025\/12\/FIRMA-EDITORIAL-PD-7.jpg 1024w, https:\/\/noticiasveracruz.com\/wp-content\/uploads\/2025\/12\/FIRMA-EDITORIAL-PD-7-300x37.jpg 300w, https:\/\/noticiasveracruz.com\/wp-content\/uploads\/2025\/12\/FIRMA-EDITORIAL-PD-7-768x94.jpg 768w\" sizes=\"auto, (max-width: 1024px) 100vw, 1024px\" \/><\/p>\n","protected":false},"excerpt":{"rendered":"<p>\u00bfQu\u00e9 nos hace humanos? Esta pregunta ha sido parte de un debate central desde hace siglos, fil\u00f3sofos como Arist\u00f3teles y<\/p>\n","protected":false},"author":4,"featured_media":42866,"comment_status":"closed","ping_status":"closed","sticky":false,"template":"","format":"standard","meta":{"colormag_page_container_layout":"default_layout","colormag_page_sidebar_layout":"default_layout","_jetpack_memberships_contains_paid_content":false,"footnotes":"","jetpack_publicize_message":"","jetpack_publicize_feature_enabled":true,"jetpack_social_post_already_shared":true,"jetpack_social_options":{"image_generator_settings":{"template":"highway","default_image_id":0,"font":"","enabled":false},"version":2}},"categories":[6],"tags":[],"class_list":["post-71098","post","type-post","status-publish","format-standard","has-post-thumbnail","hentry","category-columnistas"],"jetpack_publicize_connections":[],"jetpack_featured_media_url":"https:\/\/noticiasveracruz.com\/wp-content\/uploads\/2024\/10\/NV-ZAIRA-ROSAS-1.jpg","jetpack_sharing_enabled":true,"publishpress_future_action":{"enabled":false,"date":"2026-05-07 06:39:44","action":"change-status","newStatus":"draft","terms":[],"taxonomy":"category","extraData":[]},"publishpress_future_workflow_manual_trigger":{"enabledWorkflows":[]},"_links":{"self":[{"href":"https:\/\/noticiasveracruz.com\/index.php\/wp-json\/wp\/v2\/posts\/71098","targetHints":{"allow":["GET"]}}],"collection":[{"href":"https:\/\/noticiasveracruz.com\/index.php\/wp-json\/wp\/v2\/posts"}],"about":[{"href":"https:\/\/noticiasveracruz.com\/index.php\/wp-json\/wp\/v2\/types\/post"}],"author":[{"embeddable":true,"href":"https:\/\/noticiasveracruz.com\/index.php\/wp-json\/wp\/v2\/users\/4"}],"replies":[{"embeddable":true,"href":"https:\/\/noticiasveracruz.com\/index.php\/wp-json\/wp\/v2\/comments?post=71098"}],"version-history":[{"count":0,"href":"https:\/\/noticiasveracruz.com\/index.php\/wp-json\/wp\/v2\/posts\/71098\/revisions"}],"wp:featuredmedia":[{"embeddable":true,"href":"https:\/\/noticiasveracruz.com\/index.php\/wp-json\/wp\/v2\/media\/42866"}],"wp:attachment":[{"href":"https:\/\/noticiasveracruz.com\/index.php\/wp-json\/wp\/v2\/media?parent=71098"}],"wp:term":[{"taxonomy":"category","embeddable":true,"href":"https:\/\/noticiasveracruz.com\/index.php\/wp-json\/wp\/v2\/categories?post=71098"},{"taxonomy":"post_tag","embeddable":true,"href":"https:\/\/noticiasveracruz.com\/index.php\/wp-json\/wp\/v2\/tags?post=71098"}],"curies":[{"name":"wp","href":"https:\/\/api.w.org\/{rel}","templated":true}]}}