{"id":71096,"date":"2025-12-27T10:02:53","date_gmt":"2025-12-27T16:02:53","guid":{"rendered":"https:\/\/noticiasveracruz.com\/?p=71096"},"modified":"2025-12-29T00:04:04","modified_gmt":"2025-12-29T06:04:04","slug":"la-firmeza-del-estado-y-los-limites-de-la-polemica","status":"publish","type":"post","link":"https:\/\/noticiasveracruz.com\/index.php\/2025\/12\/27\/la-firmeza-del-estado-y-los-limites-de-la-polemica\/","title":{"rendered":"La firmeza del Estado y los l\u00edmites de la pol\u00e9mica"},"content":{"rendered":"<p style=\"font-weight: 400;\"><em>\u201cTu deber es descubrir tu mundo y despu\u00e9s entr\u00e9gate con todo tu coraz\u00f3n\u201d. \u2013 Buda.<\/em><\/p>\n<p style=\"font-weight: 400;\"><strong>\u00a0<\/strong><\/p>\n<p style=\"font-weight: 400;\"><strong>La reciente detenci\u00f3n de un periodista del sur de Veracruz ha sacudido al gremio de la comunicaci\u00f3n a nivel estatal y nacional. El caso, inevitablemente sensible por tratarse de un profesional de los medios, deton\u00f3 una discusi\u00f3n inmediata sobre libertad de expresi\u00f3n, uso del poder punitivo del Estado y los riesgos de criminalizar la labor period\u00edstica. Sin embargo, para analizar con seriedad lo ocurrido, es indispensable ir m\u00e1s all\u00e1 del ruido y revisar con rigor el contexto legal que rodea el caso.<\/strong><\/p>\n<p style=\"font-weight: 400;\"><strong>El pasado 24 de diciembre, un juez de control emiti\u00f3 una orden de aprehensi\u00f3n contra Rafael N, derivada de investigaciones formales, pruebas periciales y la integraci\u00f3n de diversas carpetas de investigaci\u00f3n abiertas desde tiempo atr\u00e1s. No se trat\u00f3 de una decisi\u00f3n pol\u00edtica ni de una acci\u00f3n discrecional del Ejecutivo, sino de un acto estrictamente judicial. La orden no la gir\u00f3 el gobierno del estado; la emiti\u00f3 un juez del Poder Judicial, tras valorar los elementos presentados por la Fiscal\u00eda.<\/strong><\/p>\n<p style=\"font-weight: 400;\"><strong>Este punto es clave. En un Estado de derecho, la privaci\u00f3n de la libertad no puede ni debe ocurrir sin control judicial. Aqu\u00ed hubo denuncias previas, investigaciones prolongadas y expedientes que no surgieron de la noche a la ma\u00f1ana. Las carpetas estaban abiertas desde hace tiempo y segu\u00edan su curso legal antes de que el tema estallara medi\u00e1ticamente.<\/strong><\/p>\n<p style=\"font-weight: 400;\"><strong>Como era previsible, el gremio period\u00edstico reaccion\u00f3 con solidaridad y activ\u00f3 los mecanismos de acompa\u00f1amiento legal para garantizar que la detenci\u00f3n no estuviera vinculada al ejercicio informativo, tal como lo protege el art\u00edculo 19 constitucional. Esa vigilancia es no solo leg\u00edtima, sino necesaria en un pa\u00eds donde la libertad de expresi\u00f3n sigue siendo fr\u00e1gil.<\/strong><\/p>\n<p style=\"font-weight: 400;\"><strong>La gobernadora del estado, Roc\u00edo Nahle Garc\u00eda fij\u00f3 postura con claridad: la detenci\u00f3n no obedece al trabajo period\u00edstico del imputado, sino a un asunto de car\u00e1cter penal; la ley se aplica sin distingos de profesi\u00f3n o estatus, y el indiciado cuenta con el derecho pleno a una defensa legal. El mensaje es inc\u00f3modo para algunos, pero consistente con la l\u00f3gica institucional: el Ejecutivo no interfiere en decisiones judiciales.<\/strong><\/p>\n<p style=\"font-weight: 400;\"><strong>La controversia escal\u00f3 cuando apareci\u00f3 una palabra que encendi\u00f3 las alarmas: terrorismo. \u00bfSe lleg\u00f3 realmente a ese extremo jur\u00eddico? El t\u00e9rmino implica la siembra deliberada de miedo social en distintos niveles y ser\u00e1 en la audiencia donde el juez determine si ese se\u00f1alamiento tiene sustento legal o si simplemente se descarta. Por ahora, todo juicio anticipado es especulaci\u00f3n.<\/strong><\/p>\n<p style=\"font-weight: 400;\"><strong>Lo que s\u00ed debe decirse, aunque incomode, es que el Estado actu\u00f3 con firmeza dentro del cauce legal. La orden la emiti\u00f3 un juez, las investigaciones existen desde hace tiempo y el gobierno del estado no tuvo injerencia directa en la decisi\u00f3n. Adem\u00e1s, hay un elemento que en el sur de Veracruz no es ning\u00fan secreto: el indiciado es ampliamente conocido entre sus propios compa\u00f1eros periodistas, no solo por su labor medi\u00e1tica, sino por sus relaciones y antecedentes. Negar ese contexto ser\u00eda faltar a la verdad.<\/strong><\/p>\n<p style=\"font-weight: 400;\"><strong>La Comisi\u00f3n Estatal de Atenci\u00f3n y Protecci\u00f3n a Periodistas (CEAPP) brind\u00f3 respaldo sin filias ni fobias, como corresponde. Ahora, la \u00faltima palabra la tendr\u00e1 el juez. Y ser\u00e1 ah\u00ed, no en la estridencia medi\u00e1tica, donde se defina si hubo exceso o simplemente la aplicaci\u00f3n estricta de la ley.<\/strong><\/p>\n<p style=\"font-weight: 400;\"><strong>\u00a0<\/strong><\/p>\n<p style=\"font-weight: 400;\"><strong>Al tiempo.<\/strong><\/p>\n<p><img loading=\"lazy\" decoding=\"async\" class=\"alignnone wp-image-70947 size-full\" src=\"http:\/\/noticiasveracruz.com\/wp-content\/uploads\/2025\/12\/FIRMA-EDITORIAL-PD-7.jpg\" alt=\"\" width=\"1024\" height=\"125\" srcset=\"https:\/\/noticiasveracruz.com\/wp-content\/uploads\/2025\/12\/FIRMA-EDITORIAL-PD-7.jpg 1024w, https:\/\/noticiasveracruz.com\/wp-content\/uploads\/2025\/12\/FIRMA-EDITORIAL-PD-7-300x37.jpg 300w, https:\/\/noticiasveracruz.com\/wp-content\/uploads\/2025\/12\/FIRMA-EDITORIAL-PD-7-768x94.jpg 768w\" sizes=\"auto, (max-width: 1024px) 100vw, 1024px\" \/><\/p>\n","protected":false},"excerpt":{"rendered":"<p>\u201cTu deber es descubrir tu mundo y despu\u00e9s entr\u00e9gate con todo tu coraz\u00f3n\u201d. \u2013 Buda. \u00a0 La reciente detenci\u00f3n de<\/p>\n","protected":false},"author":4,"featured_media":28447,"comment_status":"closed","ping_status":"closed","sticky":false,"template":"","format":"standard","meta":{"colormag_page_container_layout":"default_layout","colormag_page_sidebar_layout":"default_layout","_jetpack_memberships_contains_paid_content":false,"footnotes":"","jetpack_publicize_message":"","jetpack_publicize_feature_enabled":true,"jetpack_social_post_already_shared":true,"jetpack_social_options":{"image_generator_settings":{"template":"highway","default_image_id":0,"font":"","enabled":false},"version":2}},"categories":[6],"tags":[],"class_list":["post-71096","post","type-post","status-publish","format-standard","has-post-thumbnail","hentry","category-columnistas"],"jetpack_publicize_connections":[],"jetpack_featured_media_url":"https:\/\/noticiasveracruz.com\/wp-content\/uploads\/2024\/03\/BANNERBAQUEIRO-NV-1.jpg","jetpack_sharing_enabled":true,"publishpress_future_action":{"enabled":false,"date":"2026-05-07 06:45:26","action":"change-status","newStatus":"draft","terms":[],"taxonomy":"category","extraData":[]},"publishpress_future_workflow_manual_trigger":{"enabledWorkflows":[]},"_links":{"self":[{"href":"https:\/\/noticiasveracruz.com\/index.php\/wp-json\/wp\/v2\/posts\/71096","targetHints":{"allow":["GET"]}}],"collection":[{"href":"https:\/\/noticiasveracruz.com\/index.php\/wp-json\/wp\/v2\/posts"}],"about":[{"href":"https:\/\/noticiasveracruz.com\/index.php\/wp-json\/wp\/v2\/types\/post"}],"author":[{"embeddable":true,"href":"https:\/\/noticiasveracruz.com\/index.php\/wp-json\/wp\/v2\/users\/4"}],"replies":[{"embeddable":true,"href":"https:\/\/noticiasveracruz.com\/index.php\/wp-json\/wp\/v2\/comments?post=71096"}],"version-history":[{"count":0,"href":"https:\/\/noticiasveracruz.com\/index.php\/wp-json\/wp\/v2\/posts\/71096\/revisions"}],"wp:featuredmedia":[{"embeddable":true,"href":"https:\/\/noticiasveracruz.com\/index.php\/wp-json\/wp\/v2\/media\/28447"}],"wp:attachment":[{"href":"https:\/\/noticiasveracruz.com\/index.php\/wp-json\/wp\/v2\/media?parent=71096"}],"wp:term":[{"taxonomy":"category","embeddable":true,"href":"https:\/\/noticiasveracruz.com\/index.php\/wp-json\/wp\/v2\/categories?post=71096"},{"taxonomy":"post_tag","embeddable":true,"href":"https:\/\/noticiasveracruz.com\/index.php\/wp-json\/wp\/v2\/tags?post=71096"}],"curies":[{"name":"wp","href":"https:\/\/api.w.org\/{rel}","templated":true}]}}