{"id":71084,"date":"2025-12-24T00:34:59","date_gmt":"2025-12-24T06:34:59","guid":{"rendered":"https:\/\/noticiasveracruz.com\/?p=71084"},"modified":"2025-12-24T00:34:59","modified_gmt":"2025-12-24T06:34:59","slug":"grecia-chipre-e-israel-firman-acuerdos-de-cooperacion-en-defensa","status":"publish","type":"post","link":"https:\/\/noticiasveracruz.com\/index.php\/2025\/12\/24\/grecia-chipre-e-israel-firman-acuerdos-de-cooperacion-en-defensa\/","title":{"rendered":"Grecia, Chipre e Israel firman acuerdos de cooperaci\u00f3n en defensa"},"content":{"rendered":"<p class=\"nota-justify\">Grecia, Chipre e Israel suscribieron dos acuerdos de cooperaci\u00f3n en el \u00e1mbito de la defensa, inform\u00f3 este martes el Estado Mayor de la Defensa Nacional de Grecia.<\/p>\n<p class=\"nota-justify\">\u00abDel 22 al 23 de diciembre de 2025, en Nicosia, fueron firmados el Plan de Acci\u00f3n Conjunto de Grecia, Chipre e Israel y el Programa de Cooperaci\u00f3n en Defensa entre Grecia e Israel para el a\u00f1o 2026\u00bb, se\u00f1ala el comunicado del Estado Mayor.<\/p>\n<p class=\"nota-justify\">Seg\u00fan la instituci\u00f3n, los acuerdos contemplan la realizaci\u00f3n de ejercicios interdisciplinarios, entrenamientos conjuntos de Fuerzas de Operaciones Especiales, reuniones de personal, as\u00ed como discusiones sobre temas de inter\u00e9s mutuo.<\/p>\n<p class=\"nota-justify\">El primer ministro israel\u00ed y pr\u00f3fugo de la CPI, Benjamin Netanyahu, se reuni\u00f3 el pasado lunes en Jerusal\u00e9n con el primer ministro griego, Kyriakos Mitsotakis, y el presidente chipriota, Nikos Christodoulides, en Jerusal\u00e9n.<\/p>\n<p class=\"nota-justify\">Seg\u00fan informaron medios griegos la semana pasada, los tres aliados estudian la creaci\u00f3n de una fuerza militar conjunta de respuesta r\u00e1pida en el Mediterr\u00e1neo Oriental.<\/p>\n","protected":false},"excerpt":{"rendered":"<p>Grecia, Chipre e Israel suscribieron dos acuerdos de cooperaci\u00f3n en el \u00e1mbito de la defensa, inform\u00f3 este martes el Estado<\/p>\n","protected":false},"author":4,"featured_media":71085,"comment_status":"closed","ping_status":"closed","sticky":false,"template":"","format":"standard","meta":{"colormag_page_container_layout":"default_layout","colormag_page_sidebar_layout":"default_layout","_jetpack_memberships_contains_paid_content":false,"footnotes":"","jetpack_publicize_message":"","jetpack_publicize_feature_enabled":true,"jetpack_social_post_already_shared":true,"jetpack_social_options":{"image_generator_settings":{"template":"highway","default_image_id":0,"font":"","enabled":false},"version":2}},"categories":[355],"tags":[],"class_list":["post-71084","post","type-post","status-publish","format-standard","has-post-thumbnail","hentry","category-internacional"],"jetpack_publicize_connections":[],"jetpack_featured_media_url":"https:\/\/noticiasveracruz.com\/wp-content\/uploads\/2025\/12\/FIRM.jpg","jetpack_sharing_enabled":true,"publishpress_future_action":{"enabled":false,"date":"2026-05-07 07:32:17","action":"change-status","newStatus":"draft","terms":[],"taxonomy":"category","extraData":[]},"publishpress_future_workflow_manual_trigger":{"enabledWorkflows":[]},"_links":{"self":[{"href":"https:\/\/noticiasveracruz.com\/index.php\/wp-json\/wp\/v2\/posts\/71084","targetHints":{"allow":["GET"]}}],"collection":[{"href":"https:\/\/noticiasveracruz.com\/index.php\/wp-json\/wp\/v2\/posts"}],"about":[{"href":"https:\/\/noticiasveracruz.com\/index.php\/wp-json\/wp\/v2\/types\/post"}],"author":[{"embeddable":true,"href":"https:\/\/noticiasveracruz.com\/index.php\/wp-json\/wp\/v2\/users\/4"}],"replies":[{"embeddable":true,"href":"https:\/\/noticiasveracruz.com\/index.php\/wp-json\/wp\/v2\/comments?post=71084"}],"version-history":[{"count":0,"href":"https:\/\/noticiasveracruz.com\/index.php\/wp-json\/wp\/v2\/posts\/71084\/revisions"}],"wp:featuredmedia":[{"embeddable":true,"href":"https:\/\/noticiasveracruz.com\/index.php\/wp-json\/wp\/v2\/media\/71085"}],"wp:attachment":[{"href":"https:\/\/noticiasveracruz.com\/index.php\/wp-json\/wp\/v2\/media?parent=71084"}],"wp:term":[{"taxonomy":"category","embeddable":true,"href":"https:\/\/noticiasveracruz.com\/index.php\/wp-json\/wp\/v2\/categories?post=71084"},{"taxonomy":"post_tag","embeddable":true,"href":"https:\/\/noticiasveracruz.com\/index.php\/wp-json\/wp\/v2\/tags?post=71084"}],"curies":[{"name":"wp","href":"https:\/\/api.w.org\/{rel}","templated":true}]}}