{"id":71078,"date":"2025-12-24T00:27:37","date_gmt":"2025-12-24T06:27:37","guid":{"rendered":"https:\/\/noticiasveracruz.com\/?p=71078"},"modified":"2025-12-24T00:27:37","modified_gmt":"2025-12-24T06:27:37","slug":"venezuela-avala-ley-que-castiga-con-20-anos-de-carcel-actos-de-pirateria-o-bloqueos","status":"publish","type":"post","link":"https:\/\/noticiasveracruz.com\/index.php\/2025\/12\/24\/venezuela-avala-ley-que-castiga-con-20-anos-de-carcel-actos-de-pirateria-o-bloqueos\/","title":{"rendered":"Venezuela avala ley que castiga con 20 a\u00f1os de c\u00e1rcel actos de \u00abpirater\u00eda o bloqueos\u00bb"},"content":{"rendered":"<p class=\"nota-justify\">La Asamblea Nacional de Venezuela aval\u00f3 este martes la Ley de Protecci\u00f3n de las Libertades de Navegaci\u00f3n y Comercio contra la Pirater\u00eda, Bloqueo y otros Actos Il\u00edcitos Internacionales. El instrumento busca reafirmar las disposiciones y protecciones de todos los tratados del derecho internacional relativos a la navegaci\u00f3n mar\u00edtima ratificados por Venezuela.<\/p>\n<p class=\"nota-justify\">Entre otras cosas, la nueva ley, que fue enviada al presidente, Nicol\u00e1s Maduro, para su promulgaci\u00f3n, establece que \u201ctoda persona que promueva, instigue, solicite, invoque, favorezca, facilite, respalde, financie o participe en acciones de pirater\u00eda, bloqueo u otros il\u00edcitos internacionales contra personas jur\u00eddicas que realizan operaciones comerciales con la Rep\u00fablica y sus entidades por parte de Estados, poderes, corporaciones o personas extranjeras, ser\u00e1n sancionados con prisi\u00f3n de 15 a 20 a\u00f1os y multa por el equivalente a 100 mil y un mill\u00f3n de veces el tipo de cambio de mayor valor publicado por el Banco Central de Venezuela.<\/p>\n<p class=\"nota-justify\">El presidente, Nicol\u00e1s Maduro, defini\u00f3 este instrumento legal \u201ccomo una ley especial para hacer cumplir los convenios mundiales que proh\u00edben el asalto de buques, la pirater\u00eda y todos los delitos contra el comercio internacional\u201d y lo compar\u00f3 con la Ley Antibloqueo, aprobada en 2020, que permiti\u00f3 al Estado operar frente a los bloqueos internacionales al comercio venezolano de materias primas. \u201cEs una ley de mucho poder\u201d, dijo.<\/p>\n<p class=\"nota-justify\"><strong>Advertencia a Trinidad y Tobago<\/strong><\/p>\n<p class=\"nota-justify\">El ministro del Interior, Diosdado Cabello, advirti\u00f3 a la primera ministra de Trinidad y Tobago, Kamla Persad-Bissessar, que si llegaran a tomar la decisi\u00f3n de permitir que se utilice su territorio para agredir a Venezuela, recibir\u00edan una respuesta.<\/p>\n<p class=\"nota-justify\">\u201cNosotros hemos vivido siempre en paz, pero si Trinidad presta su territorio para atacar a Venezuela nosotros tenemos que responder\u201d, afirm\u00f3 quien es tambi\u00e9n secretario general del Partido Socialista Unido de Venezuela.<\/p>\n<p class=\"nota-justify\">Cabell\u00f3 hizo esta alerta ante recientes declaraciones de Persad-Bissessar en las que justificaba el uso de aeropuertos trinitenses y la instalaci\u00f3n de un radar militar por parte de fuerzas de Estados Unidos como \u201cmedidas para la defensa\u201d.<\/p>\n<p class=\"nota-justify\">Washington ha desplegado en el sur del Mar Caribe un gran contingente de guerra, que incluye al menos una docena de buques artillados, un submarino nuclear y el portaviones\u00a0<i>Gerald Ford<\/i>, el m\u00e1s grande del mundo. Este despliegue incluye la presencia de marines estadunidenses en Trinidad y Tobago y contempla que aeronaves de combate utilicen las facilidades a\u00e9reas de la isla, ubicada a solo 11 kil\u00f3metros de territorio venezolano en su punto m\u00e1s cercano.<\/p>\n","protected":false},"excerpt":{"rendered":"<p>La Asamblea Nacional de Venezuela aval\u00f3 este martes la Ley de Protecci\u00f3n de las Libertades de Navegaci\u00f3n y Comercio contra<\/p>\n","protected":false},"author":4,"featured_media":71079,"comment_status":"closed","ping_status":"closed","sticky":false,"template":"","format":"standard","meta":{"colormag_page_container_layout":"default_layout","colormag_page_sidebar_layout":"default_layout","_jetpack_memberships_contains_paid_content":false,"footnotes":"","jetpack_publicize_message":"","jetpack_publicize_feature_enabled":true,"jetpack_social_post_already_shared":true,"jetpack_social_options":{"image_generator_settings":{"template":"highway","default_image_id":0,"font":"","enabled":false},"version":2}},"categories":[355],"tags":[],"class_list":["post-71078","post","type-post","status-publish","format-standard","has-post-thumbnail","hentry","category-internacional"],"jetpack_publicize_connections":[],"jetpack_featured_media_url":"https:\/\/noticiasveracruz.com\/wp-content\/uploads\/2025\/12\/VEN.jpg","jetpack_sharing_enabled":true,"publishpress_future_action":{"enabled":false,"date":"2026-05-07 09:28:51","action":"change-status","newStatus":"draft","terms":[],"taxonomy":"category","extraData":[]},"publishpress_future_workflow_manual_trigger":{"enabledWorkflows":[]},"_links":{"self":[{"href":"https:\/\/noticiasveracruz.com\/index.php\/wp-json\/wp\/v2\/posts\/71078","targetHints":{"allow":["GET"]}}],"collection":[{"href":"https:\/\/noticiasveracruz.com\/index.php\/wp-json\/wp\/v2\/posts"}],"about":[{"href":"https:\/\/noticiasveracruz.com\/index.php\/wp-json\/wp\/v2\/types\/post"}],"author":[{"embeddable":true,"href":"https:\/\/noticiasveracruz.com\/index.php\/wp-json\/wp\/v2\/users\/4"}],"replies":[{"embeddable":true,"href":"https:\/\/noticiasveracruz.com\/index.php\/wp-json\/wp\/v2\/comments?post=71078"}],"version-history":[{"count":0,"href":"https:\/\/noticiasveracruz.com\/index.php\/wp-json\/wp\/v2\/posts\/71078\/revisions"}],"wp:featuredmedia":[{"embeddable":true,"href":"https:\/\/noticiasveracruz.com\/index.php\/wp-json\/wp\/v2\/media\/71079"}],"wp:attachment":[{"href":"https:\/\/noticiasveracruz.com\/index.php\/wp-json\/wp\/v2\/media?parent=71078"}],"wp:term":[{"taxonomy":"category","embeddable":true,"href":"https:\/\/noticiasveracruz.com\/index.php\/wp-json\/wp\/v2\/categories?post=71078"},{"taxonomy":"post_tag","embeddable":true,"href":"https:\/\/noticiasveracruz.com\/index.php\/wp-json\/wp\/v2\/tags?post=71078"}],"curies":[{"name":"wp","href":"https:\/\/api.w.org\/{rel}","templated":true}]}}