{"id":71075,"date":"2025-12-24T00:24:13","date_gmt":"2025-12-24T06:24:13","guid":{"rendered":"https:\/\/noticiasveracruz.com\/?p=71075"},"modified":"2025-12-24T00:24:13","modified_gmt":"2025-12-24T06:24:13","slug":"cuba-acusa-a-trump-de-usar-el-fentanilo-como-pretexto-para-atacar-a-latinoamerica","status":"publish","type":"post","link":"https:\/\/noticiasveracruz.com\/index.php\/2025\/12\/24\/cuba-acusa-a-trump-de-usar-el-fentanilo-como-pretexto-para-atacar-a-latinoamerica\/","title":{"rendered":"Cuba acusa a Trump de usar el fentanilo como pretexto para atacar a Latinoam\u00e9rica"},"content":{"rendered":"<p class=\"nota-justify\">El gobierno cubano critic\u00f3 este martes la decisi\u00f3n del presidente estadunidense, Donald Trump, de declarar al fentanilo como un arma de destrucci\u00f3n masiva y advirti\u00f3 que el mandatario pretende usar el grave consumo de dicha sustancia como un excusa para atacar a pa\u00edses latinoamericanos.<\/p>\n<p class=\"nota-justify\">\u201cEl consumo de fentanilo es un problema real y grave\u201d, expres\u00f3 el canciller cubano, Bruno Rodr\u00edguez, en su cuenta en la red social X.<\/p>\n<p class=\"nota-justify\">Pese a ello \u00absu designaci\u00f3n como arma de destrucci\u00f3n masiva es otro esfuerzo del gobierno de Estados Unidos por construir pretextos mendaces para desatar acciones de guerra contra Estados soberanos en Am\u00e9rica Latina y el Caribe, derrocar gobiernos leg\u00edtimos y usurpar los recursos naturales de otros pueblos\u201d, agreg\u00f3 el canciller Rodr\u00edguez.<\/p>\n<p class=\"nota-justify\">Trump firm\u00f3 la semana pasada un decreto clasificando al fentanilo, poderos\u00edsimo f\u00e1rmaco opioide aprobado para uso analg\u00e9sico pero que ocasion\u00f3 una crisis sanitaria por adicci\u00f3n y sobredosis en Estados Unidos, como un \u201carma de destrucci\u00f3n masiva\u201d.<\/p>\n<p class=\"nota-justify\">La medida del mandatario incluso gener\u00f3 preocupaci\u00f3n entre los pa\u00edses vecinos, sobre todo en M\u00e9xico por las implicaciones pol\u00edticas.<\/p>\n<p class=\"nota-justify\">De acuerdo con Rodr\u00edguez, el decreto de Trump \u201cpretende desconocer el origen multifactorial de su consumo y los estragos provocados en territorio estadunidense\u201d, as\u00ed como \u201cencubrir las malas pr\u00e1cticas de corporaciones farmac\u00e9uticas de ese pa\u00eds; el amplio mercado de estupefacientes existente en Estados Unidos; la prescripci\u00f3n indiscriminada de opioides, anfetaminas y oxicodona; el limitado y costoso acceso a instituciones de salud\u201d.<\/p>\n<p class=\"nota-justify\">Tanto la clasificaci\u00f3n de Trump como las preocupaciones de M\u00e9xico y ahora de Cuba se enmarcan en una ofensiva de Estados Unidos contra las drogas que moviliz\u00f3 una importante flota en el Caribe y el Pac\u00edfico y amenaz\u00f3 directamente a Colombia y Venezuela.<\/p>\n","protected":false},"excerpt":{"rendered":"<p>El gobierno cubano critic\u00f3 este martes la decisi\u00f3n del presidente estadunidense, Donald Trump, de declarar al fentanilo como un arma<\/p>\n","protected":false},"author":4,"featured_media":71076,"comment_status":"closed","ping_status":"closed","sticky":false,"template":"","format":"standard","meta":{"colormag_page_container_layout":"default_layout","colormag_page_sidebar_layout":"default_layout","_jetpack_memberships_contains_paid_content":false,"footnotes":"","jetpack_publicize_message":"","jetpack_publicize_feature_enabled":true,"jetpack_social_post_already_shared":true,"jetpack_social_options":{"image_generator_settings":{"template":"highway","default_image_id":0,"font":"","enabled":false},"version":2}},"categories":[355],"tags":[],"class_list":["post-71075","post","type-post","status-publish","format-standard","has-post-thumbnail","hentry","category-internacional"],"jetpack_publicize_connections":[],"jetpack_featured_media_url":"https:\/\/noticiasveracruz.com\/wp-content\/uploads\/2025\/12\/FEN.jpg","jetpack_sharing_enabled":true,"publishpress_future_action":{"enabled":false,"date":"2026-05-07 10:09:36","action":"change-status","newStatus":"draft","terms":[],"taxonomy":"category","extraData":[]},"publishpress_future_workflow_manual_trigger":{"enabledWorkflows":[]},"_links":{"self":[{"href":"https:\/\/noticiasveracruz.com\/index.php\/wp-json\/wp\/v2\/posts\/71075","targetHints":{"allow":["GET"]}}],"collection":[{"href":"https:\/\/noticiasveracruz.com\/index.php\/wp-json\/wp\/v2\/posts"}],"about":[{"href":"https:\/\/noticiasveracruz.com\/index.php\/wp-json\/wp\/v2\/types\/post"}],"author":[{"embeddable":true,"href":"https:\/\/noticiasveracruz.com\/index.php\/wp-json\/wp\/v2\/users\/4"}],"replies":[{"embeddable":true,"href":"https:\/\/noticiasveracruz.com\/index.php\/wp-json\/wp\/v2\/comments?post=71075"}],"version-history":[{"count":0,"href":"https:\/\/noticiasveracruz.com\/index.php\/wp-json\/wp\/v2\/posts\/71075\/revisions"}],"wp:featuredmedia":[{"embeddable":true,"href":"https:\/\/noticiasveracruz.com\/index.php\/wp-json\/wp\/v2\/media\/71076"}],"wp:attachment":[{"href":"https:\/\/noticiasveracruz.com\/index.php\/wp-json\/wp\/v2\/media?parent=71075"}],"wp:term":[{"taxonomy":"category","embeddable":true,"href":"https:\/\/noticiasveracruz.com\/index.php\/wp-json\/wp\/v2\/categories?post=71075"},{"taxonomy":"post_tag","embeddable":true,"href":"https:\/\/noticiasveracruz.com\/index.php\/wp-json\/wp\/v2\/tags?post=71075"}],"curies":[{"name":"wp","href":"https:\/\/api.w.org\/{rel}","templated":true}]}}