{"id":70985,"date":"2025-12-23T00:07:48","date_gmt":"2025-12-23T06:07:48","guid":{"rendered":"https:\/\/noticiasveracruz.com\/?p=70985"},"modified":"2025-12-22T22:51:54","modified_gmt":"2025-12-23T04:51:54","slug":"magistrado-reyes-rodriguez-propone-salvar-registro-del-partido-unidad-popular-de-oaxaca","status":"publish","type":"post","link":"https:\/\/noticiasveracruz.com\/index.php\/2025\/12\/23\/magistrado-reyes-rodriguez-propone-salvar-registro-del-partido-unidad-popular-de-oaxaca\/","title":{"rendered":"Magistrado Reyes Rodr\u00edguez propone salvar registro del Partido Unidad Popular de Oaxaca"},"content":{"rendered":"<p class=\"nota-justify\">El magistrado Reyes Rodr\u00edguez Mondrag\u00f3n propondr\u00e1 al pleno de la Sala Superior del Tribunal Electoral del Poder Judicial de la Federaci\u00f3n (TEPJF) revocar la p\u00e9rdida de registro del Partido Unidad Popular en Oaxaca, ya que las modificaciones al art\u00edculo 2 de la reforma del Poder Judicial le permite a un partido ind\u00edgena tener otras consideraciones para su permanencia.<\/p>\n<p class=\"nota-justify\">Una sentencia de la Sala Regional Xalapa determin\u00f3 que perd\u00eda su registro al no haber alcanzado el 3 por ciento en las elecciones de 2024 en Oaxaca, pero tras los cambios constitucionales, el magistrado de la Sala Superior arguye que se actualiza la posibilidad de mantener el registro por tratarse de un partido ind\u00edgena.<\/p>\n<p class=\"nota-justify\">El proyecto, que ser\u00e1 sometido a deliberaci\u00f3n del pleno del TEPJF en sesi\u00f3n p\u00fablica pr\u00f3xima, propone revocar la resoluci\u00f3n impugnada y destaca que ha habido un cambio constitucional sustantivo con la reforma de 2024 al art\u00edculo 2, que reconoce a los pueblos y comunidades ind\u00edgenas como sujetos de derecho p\u00fablico con personalidad jur\u00eddica y patrimonio propio.<\/p>\n<p class=\"nota-justify\">El proyecto del magistrado Rodr\u00edguez se\u00f1ala que esta reforma \u201cvuelve anacr\u00f3nicos los razonamientos anteriores que limitaban el reconocimiento de la identidad ind\u00edgena para la permanencia de partidos\u201d.<\/p>\n<p class=\"nota-justify\">Por lo tanto, propone ordenar a la Sala Regional Xalapa y al Tribunal Electoral de Oaxaca reevaluar el caso tomando en cuenta las pr\u00e1cticas del partido para identificar el impacto de su identidad ind\u00edgena; si las candidaturas presentadas ten\u00edan identidad ind\u00edgena o cargos tradicionales, y las posibles dificultades t\u00e9cnicas, operativas o financieras del partido.<\/p>\n","protected":false},"excerpt":{"rendered":"<p>El magistrado Reyes Rodr\u00edguez Mondrag\u00f3n propondr\u00e1 al pleno de la Sala Superior del Tribunal Electoral del Poder Judicial de la<\/p>\n","protected":false},"author":4,"featured_media":70986,"comment_status":"closed","ping_status":"closed","sticky":false,"template":"","format":"standard","meta":{"colormag_page_container_layout":"default_layout","colormag_page_sidebar_layout":"default_layout","_jetpack_memberships_contains_paid_content":false,"footnotes":"","jetpack_publicize_message":"","jetpack_publicize_feature_enabled":true,"jetpack_social_post_already_shared":true,"jetpack_social_options":{"image_generator_settings":{"template":"highway","default_image_id":0,"font":"","enabled":false},"version":2}},"categories":[4],"tags":[],"class_list":["post-70985","post","type-post","status-publish","format-standard","has-post-thumbnail","hentry","category-nacional"],"jetpack_publicize_connections":[],"jetpack_featured_media_url":"https:\/\/noticiasveracruz.com\/wp-content\/uploads\/2025\/12\/ALGOQUI.jpg","jetpack_sharing_enabled":true,"publishpress_future_action":{"enabled":false,"date":"2026-05-07 12:12:56","action":"change-status","newStatus":"draft","terms":[],"taxonomy":"category","extraData":[]},"publishpress_future_workflow_manual_trigger":{"enabledWorkflows":[]},"_links":{"self":[{"href":"https:\/\/noticiasveracruz.com\/index.php\/wp-json\/wp\/v2\/posts\/70985","targetHints":{"allow":["GET"]}}],"collection":[{"href":"https:\/\/noticiasveracruz.com\/index.php\/wp-json\/wp\/v2\/posts"}],"about":[{"href":"https:\/\/noticiasveracruz.com\/index.php\/wp-json\/wp\/v2\/types\/post"}],"author":[{"embeddable":true,"href":"https:\/\/noticiasveracruz.com\/index.php\/wp-json\/wp\/v2\/users\/4"}],"replies":[{"embeddable":true,"href":"https:\/\/noticiasveracruz.com\/index.php\/wp-json\/wp\/v2\/comments?post=70985"}],"version-history":[{"count":0,"href":"https:\/\/noticiasveracruz.com\/index.php\/wp-json\/wp\/v2\/posts\/70985\/revisions"}],"wp:featuredmedia":[{"embeddable":true,"href":"https:\/\/noticiasveracruz.com\/index.php\/wp-json\/wp\/v2\/media\/70986"}],"wp:attachment":[{"href":"https:\/\/noticiasveracruz.com\/index.php\/wp-json\/wp\/v2\/media?parent=70985"}],"wp:term":[{"taxonomy":"category","embeddable":true,"href":"https:\/\/noticiasveracruz.com\/index.php\/wp-json\/wp\/v2\/categories?post=70985"},{"taxonomy":"post_tag","embeddable":true,"href":"https:\/\/noticiasveracruz.com\/index.php\/wp-json\/wp\/v2\/tags?post=70985"}],"curies":[{"name":"wp","href":"https:\/\/api.w.org\/{rel}","templated":true}]}}