{"id":70979,"date":"2025-12-23T00:05:33","date_gmt":"2025-12-23T06:05:33","guid":{"rendered":"https:\/\/noticiasveracruz.com\/?p=70979"},"modified":"2025-12-22T22:40:37","modified_gmt":"2025-12-23T04:40:37","slug":"senado-realizara-sesiones-extraordinarias-para-atender-dos-solicitudes-de-claudia-sheinbaum","status":"publish","type":"post","link":"https:\/\/noticiasveracruz.com\/index.php\/2025\/12\/23\/senado-realizara-sesiones-extraordinarias-para-atender-dos-solicitudes-de-claudia-sheinbaum\/","title":{"rendered":"Senado realizar\u00e1 sesiones extraordinarias para atender dos solicitudes de Claudia Sheinbaum"},"content":{"rendered":"<ul>\n<li>\n<p class=\"nota-justify\">El Senado realizar\u00e1 un periodo extraordinario de sesiones el 13 de enero pr\u00f3ximo, con el objetivo de analizar y poner a votaci\u00f3n dos solicitudes que present\u00f3 a la Comisi\u00f3n Permanente la presidenta Claudia Sheinbaum, al fin de permitir la salida del pa\u00eds de elementos de la Armada de M\u00e9xico, y admitir el ingreso de personal naval estadunidense, para participar en ejercicios de adiestramiento.<\/p>\n<\/li>\n<\/ul>\n<p class=\"nota-justify\">La presidenta de esta c\u00e1mara, Laura Itzel Castillo, inform\u00f3 que presentar\u00e1 a la Comisi\u00f3n Permanente del pr\u00f3ximo 7 de enero, la solicitud para que apruebe el periodo extraordinario de sesiones conforme lo establecen los art\u00edculos 67 y 78 de la Constituci\u00f3n.<\/p>\n<p class=\"nota-justify\">De aprobarse, \u201cestar\u00edamos planteando que el periodo extraordinario sea el d\u00eda martes 13 de enero de 2026\u201d, puntualiz\u00f3 en sus redes sociales.<\/p>\n<p class=\"nota-justify\">El vicecoordinador de Morena en el Senado, Ignacio Mier, record\u00f3 que la Comisi\u00f3n de Marina fue citada para sesionar el 5 de enero, a fin de dictaminar las dos solicitudes.<\/p>\n<p class=\"nota-justify\">Una vez aprobados esos dict\u00e1menes, se presentar\u00e1n a la Comisi\u00f3n Permanente, para que autorice el periodo extraordinario, agreg\u00f3 al destacar que se requiere el aval de las dos terceras partes de los legisladores.<\/p>\n<p class=\"nota-justify\">En la sesi\u00f3n de la Comisi\u00f3n Permanente del pasado 17 de diciembre, la mesa directiva dio entrada a la petici\u00f3n de la titular del ejecutivo federal, para la salida de miembros de la Armada, con el prop\u00f3sito de que tomen parte del evento \u201cAumentar la capacidad operacional de la Unidad de Operaciones Especiales, que se realizar\u00e1 en Camp Shelby, Mississippi, del 18 de enero al 13 de marzo de 2026.<\/p>\n<p class=\"nota-justify\">Tambi\u00e9n entr\u00f3 la solicitud presidencial para consentir el ingreso a territorio nacional de 29 miembros de la Fuerza de Operaciones Especiales Navy SEAL\u00b4s y del s\u00e9ptimo Grupo de Fuerzas Especiales de la Marina de los Estados Unidos, a efecto de que participen en el encuentro denominado Mejorar la capacidad de las fuerzas de operaciones especiales, por efectuarse en el cuartel general de la Unidad de Operaciones Especiales en Donato Guerra, Estado de M\u00e9xico; en el Centro de Capacitaci\u00f3n Especializado de Infanter\u00eda de Marina (Cencaeim) en Champot\u00f3n, Campeche, y en el Mando Naval de Ciudad del Carmen, Campeche, del 19 de enero al 15 de abril de 2026.<\/p>\n","protected":false},"excerpt":{"rendered":"<p>El Senado realizar\u00e1 un periodo extraordinario de sesiones el 13 de enero pr\u00f3ximo, con el objetivo de analizar y poner<\/p>\n","protected":false},"author":4,"featured_media":70980,"comment_status":"closed","ping_status":"closed","sticky":false,"template":"","format":"standard","meta":{"colormag_page_container_layout":"default_layout","colormag_page_sidebar_layout":"default_layout","_jetpack_memberships_contains_paid_content":false,"footnotes":"","jetpack_publicize_message":"","jetpack_publicize_feature_enabled":true,"jetpack_social_post_already_shared":true,"jetpack_social_options":{"image_generator_settings":{"template":"highway","default_image_id":0,"font":"","enabled":false},"version":2}},"categories":[4],"tags":[],"class_list":["post-70979","post","type-post","status-publish","format-standard","has-post-thumbnail","hentry","category-nacional"],"jetpack_publicize_connections":[],"jetpack_featured_media_url":"https:\/\/noticiasveracruz.com\/wp-content\/uploads\/2025\/12\/SEN.jpg","jetpack_sharing_enabled":true,"publishpress_future_action":{"enabled":false,"date":"2026-05-07 10:34:17","action":"change-status","newStatus":"draft","terms":[],"taxonomy":"category","extraData":[]},"publishpress_future_workflow_manual_trigger":{"enabledWorkflows":[]},"_links":{"self":[{"href":"https:\/\/noticiasveracruz.com\/index.php\/wp-json\/wp\/v2\/posts\/70979","targetHints":{"allow":["GET"]}}],"collection":[{"href":"https:\/\/noticiasveracruz.com\/index.php\/wp-json\/wp\/v2\/posts"}],"about":[{"href":"https:\/\/noticiasveracruz.com\/index.php\/wp-json\/wp\/v2\/types\/post"}],"author":[{"embeddable":true,"href":"https:\/\/noticiasveracruz.com\/index.php\/wp-json\/wp\/v2\/users\/4"}],"replies":[{"embeddable":true,"href":"https:\/\/noticiasveracruz.com\/index.php\/wp-json\/wp\/v2\/comments?post=70979"}],"version-history":[{"count":0,"href":"https:\/\/noticiasveracruz.com\/index.php\/wp-json\/wp\/v2\/posts\/70979\/revisions"}],"wp:featuredmedia":[{"embeddable":true,"href":"https:\/\/noticiasveracruz.com\/index.php\/wp-json\/wp\/v2\/media\/70980"}],"wp:attachment":[{"href":"https:\/\/noticiasveracruz.com\/index.php\/wp-json\/wp\/v2\/media?parent=70979"}],"wp:term":[{"taxonomy":"category","embeddable":true,"href":"https:\/\/noticiasveracruz.com\/index.php\/wp-json\/wp\/v2\/categories?post=70979"},{"taxonomy":"post_tag","embeddable":true,"href":"https:\/\/noticiasveracruz.com\/index.php\/wp-json\/wp\/v2\/tags?post=70979"}],"curies":[{"name":"wp","href":"https:\/\/api.w.org\/{rel}","templated":true}]}}