{"id":70976,"date":"2025-12-23T00:04:02","date_gmt":"2025-12-23T06:04:02","guid":{"rendered":"https:\/\/noticiasveracruz.com\/?p=70976"},"modified":"2025-12-22T22:27:50","modified_gmt":"2025-12-23T04:27:50","slug":"se-duplican-quejas-de-contribuyentes","status":"publish","type":"post","link":"https:\/\/noticiasveracruz.com\/index.php\/2025\/12\/23\/se-duplican-quejas-de-contribuyentes\/","title":{"rendered":"Se duplican quejas de contribuyentes"},"content":{"rendered":"<p>H\u00e9ctor Hugo Hern\u00e1ndez, delegado de la Procuradur\u00eda de la Defensa del Contribuyente (Prodecon) de las oficinas que se ubican en el puerto, indic\u00f3 la atenci\u00f3n de quejas de los contribuyentes se increment\u00f3 m\u00e1s del doble en el presente a\u00f1o.<\/p>\n<p>Precis\u00f3 que cerrar\u00e1n el 2025 con alrededor de mil 900 quejas, m\u00e1s que en el a\u00f1o anterior cuando atendieron 800.<\/p>\n<p>Entre las quejas que se atendieron fueron por facturas con errores, devoluciones del SAT, se regulariz\u00f3 la situaci\u00f3n fiscal de los contribuyentes, entre otras.<\/p>\n<p>\u201cPr\u00e1cticamente duplicamos los servicios de quejas, el a\u00f1o anterior recibimos alrededor 800 servicios para este a\u00f1o estamos concluyendo con mil 900 quejas, eso da mucho de qu\u00e9 hablar de esta difusi\u00f3n de los servicios que tiene Prodecon\u201d, expres\u00f3.<\/p>\n<p>A\u00f1adi\u00f3 que se acercaron a m\u00e1s municipios de la entidad veracruzana, se apoyan a personas que les emitieron facturas con errores, tambi\u00e9n se ayuda a los contribuyentes a regularizar su situaci\u00f3n fiscal.<\/p>\n<p>\u201cEstamos apoyando mucho a los contribuyentes, estamos tambi\u00e9n presentado muchas declaraciones a los contribuyentes, ese fue un incremento muy notorio, hicimos muchos tr\u00e1mites de devoluci\u00f3n ante las autoridades\u201d.<\/p>\n<p>Agreg\u00f3 que se hicieron jornadas con el Instituto Mexicano del Seguro Social (IMSS), en las nueve subdelegaciones, desde Coatzacoalcos, Poza Rica, C\u00f3rdoba, Orizaba.<\/p>\n","protected":false},"excerpt":{"rendered":"<p>H\u00e9ctor Hugo Hern\u00e1ndez, delegado de la Procuradur\u00eda de la Defensa del Contribuyente (Prodecon) de las oficinas que se ubican en<\/p>\n","protected":false},"author":4,"featured_media":70977,"comment_status":"closed","ping_status":"closed","sticky":false,"template":"","format":"standard","meta":{"colormag_page_container_layout":"default_layout","colormag_page_sidebar_layout":"default_layout","_jetpack_memberships_contains_paid_content":false,"footnotes":"","jetpack_publicize_message":"","jetpack_publicize_feature_enabled":true,"jetpack_social_post_already_shared":true,"jetpack_social_options":{"image_generator_settings":{"template":"highway","default_image_id":0,"font":"","enabled":false},"version":2}},"categories":[356],"tags":[],"class_list":["post-70976","post","type-post","status-publish","format-standard","has-post-thumbnail","hentry","category-veracruz"],"jetpack_publicize_connections":[],"jetpack_featured_media_url":"https:\/\/noticiasveracruz.com\/wp-content\/uploads\/2025\/12\/QJS.jpg","jetpack_sharing_enabled":true,"publishpress_future_action":{"enabled":false,"date":"2026-05-07 09:49:40","action":"change-status","newStatus":"draft","terms":[],"taxonomy":"category","extraData":[]},"publishpress_future_workflow_manual_trigger":{"enabledWorkflows":[]},"_links":{"self":[{"href":"https:\/\/noticiasveracruz.com\/index.php\/wp-json\/wp\/v2\/posts\/70976","targetHints":{"allow":["GET"]}}],"collection":[{"href":"https:\/\/noticiasveracruz.com\/index.php\/wp-json\/wp\/v2\/posts"}],"about":[{"href":"https:\/\/noticiasveracruz.com\/index.php\/wp-json\/wp\/v2\/types\/post"}],"author":[{"embeddable":true,"href":"https:\/\/noticiasveracruz.com\/index.php\/wp-json\/wp\/v2\/users\/4"}],"replies":[{"embeddable":true,"href":"https:\/\/noticiasveracruz.com\/index.php\/wp-json\/wp\/v2\/comments?post=70976"}],"version-history":[{"count":0,"href":"https:\/\/noticiasveracruz.com\/index.php\/wp-json\/wp\/v2\/posts\/70976\/revisions"}],"wp:featuredmedia":[{"embeddable":true,"href":"https:\/\/noticiasveracruz.com\/index.php\/wp-json\/wp\/v2\/media\/70977"}],"wp:attachment":[{"href":"https:\/\/noticiasveracruz.com\/index.php\/wp-json\/wp\/v2\/media?parent=70976"}],"wp:term":[{"taxonomy":"category","embeddable":true,"href":"https:\/\/noticiasveracruz.com\/index.php\/wp-json\/wp\/v2\/categories?post=70976"},{"taxonomy":"post_tag","embeddable":true,"href":"https:\/\/noticiasveracruz.com\/index.php\/wp-json\/wp\/v2\/tags?post=70976"}],"curies":[{"name":"wp","href":"https:\/\/api.w.org\/{rel}","templated":true}]}}