{"id":70973,"date":"2025-12-23T00:03:59","date_gmt":"2025-12-23T06:03:59","guid":{"rendered":"https:\/\/noticiasveracruz.com\/?p=70973"},"modified":"2025-12-22T22:24:27","modified_gmt":"2025-12-23T04:24:27","slug":"javier-duarte-a-meses-de-dejar-la-prision","status":"publish","type":"post","link":"https:\/\/noticiasveracruz.com\/index.php\/2025\/12\/23\/javier-duarte-a-meses-de-dejar-la-prision\/","title":{"rendered":"Javier Duarte, a meses de dejar la prisi\u00f3n"},"content":{"rendered":"<p>A meses de que se defina la posible salida de prisi\u00f3n del ex gobernador Javier Duarte de Ochoa, proveedores del gobierno de Veracruz se\u00f1alan que la deuda reconocida durante su administraci\u00f3n no ha sido liquidada y que el da\u00f1o patrimonial persiste.<\/p>\n<p>El empresario Jes\u00fas Casta\u00f1eda Nevares, integrante del grupo de empresas SOS, afirm\u00f3 que varios proveedores afectados por el impago durante el sexenio de Duarte fallecieron sin recibir recursos. Se\u00f1al\u00f3 que existieron decretos donde se reconoc\u00eda la deuda y se establec\u00eda un mecanismo de pago que no se cumpli\u00f3.<\/p>\n<p>Explic\u00f3 que, tras la llegada de Miguel \u00c1ngel Yunes Linares, los adeudos fueron desconocidos bajo el argumento de empresas fantasma, lo que deriv\u00f3 en procesos para acreditar la legalidad de los proveedores.<\/p>\n<p>Casta\u00f1eda Nevares record\u00f3 que, en conjunto, las empresas agrupadas reclamaban inicialmente alrededor de 400 millones de pesos, aunque la deuda reconocida durante la administraci\u00f3n de Duarte super\u00f3 los 11 mil millones de pesos.<\/p>\n<p>Indic\u00f3 que los acuerdos judiciales alcanzados por el ex gobernador no incluyeron la reparaci\u00f3n del da\u00f1o patrimonial a proveedores ni a jubilados y pensionados afectados.<\/p>\n<p>Durante el gobierno de Cuitl\u00e1huac Garc\u00eda Jim\u00e9nez, se realizaron pagos parciales a adeudos menores, mientras que los montos mayores s\u00f3lo recibieron abonos. Posteriormente, el proceso qued\u00f3 inconcluso.<\/p>\n<p>Actualmente, los proveedores aseguran que no han sido convocados por la administraci\u00f3n actual y que el pasivo no ha sido reconocido de forma oficial.<\/p>\n<p>El grupo SOS obtuvo un acuerdo ante la Comisi\u00f3n Estatal de Derechos Humanos para el reconocimiento y reparaci\u00f3n del da\u00f1o; sin embargo, se\u00f1alan que el incumplimiento ha derivado en una revictimizaci\u00f3n constante. M\u00e1s del 80 por ciento de los proveedores cambi\u00f3 de actividad econ\u00f3mica tras quedar fuera de contratos gubernamentales.<\/p>\n<p>La condena de nueve a\u00f1os impuesta a Javier Duarte concluye en abril de 2026. Mientras se acerca esa fecha, los proveedores insisten en que el proceso judicial no resolvi\u00f3 el da\u00f1o patrimonial ni garantiz\u00f3 la reparaci\u00f3n a quienes resultaron afectados por el impago.<\/p>\n","protected":false},"excerpt":{"rendered":"<p>A meses de que se defina la posible salida de prisi\u00f3n del ex gobernador Javier Duarte de Ochoa, proveedores del<\/p>\n","protected":false},"author":4,"featured_media":70974,"comment_status":"closed","ping_status":"closed","sticky":false,"template":"","format":"standard","meta":{"colormag_page_container_layout":"default_layout","colormag_page_sidebar_layout":"default_layout","_jetpack_memberships_contains_paid_content":false,"footnotes":"","jetpack_publicize_message":"","jetpack_publicize_feature_enabled":true,"jetpack_social_post_already_shared":true,"jetpack_social_options":{"image_generator_settings":{"template":"highway","default_image_id":0,"font":"","enabled":false},"version":2}},"categories":[356],"tags":[],"class_list":["post-70973","post","type-post","status-publish","format-standard","has-post-thumbnail","hentry","category-veracruz"],"jetpack_publicize_connections":[],"jetpack_featured_media_url":"https:\/\/noticiasveracruz.com\/wp-content\/uploads\/2025\/12\/MARRAS.jpg","jetpack_sharing_enabled":true,"publishpress_future_action":{"enabled":false,"date":"2026-05-07 09:19:32","action":"change-status","newStatus":"draft","terms":[],"taxonomy":"category","extraData":[]},"publishpress_future_workflow_manual_trigger":{"enabledWorkflows":[]},"_links":{"self":[{"href":"https:\/\/noticiasveracruz.com\/index.php\/wp-json\/wp\/v2\/posts\/70973","targetHints":{"allow":["GET"]}}],"collection":[{"href":"https:\/\/noticiasveracruz.com\/index.php\/wp-json\/wp\/v2\/posts"}],"about":[{"href":"https:\/\/noticiasveracruz.com\/index.php\/wp-json\/wp\/v2\/types\/post"}],"author":[{"embeddable":true,"href":"https:\/\/noticiasveracruz.com\/index.php\/wp-json\/wp\/v2\/users\/4"}],"replies":[{"embeddable":true,"href":"https:\/\/noticiasveracruz.com\/index.php\/wp-json\/wp\/v2\/comments?post=70973"}],"version-history":[{"count":0,"href":"https:\/\/noticiasveracruz.com\/index.php\/wp-json\/wp\/v2\/posts\/70973\/revisions"}],"wp:featuredmedia":[{"embeddable":true,"href":"https:\/\/noticiasveracruz.com\/index.php\/wp-json\/wp\/v2\/media\/70974"}],"wp:attachment":[{"href":"https:\/\/noticiasveracruz.com\/index.php\/wp-json\/wp\/v2\/media?parent=70973"}],"wp:term":[{"taxonomy":"category","embeddable":true,"href":"https:\/\/noticiasveracruz.com\/index.php\/wp-json\/wp\/v2\/categories?post=70973"},{"taxonomy":"post_tag","embeddable":true,"href":"https:\/\/noticiasveracruz.com\/index.php\/wp-json\/wp\/v2\/tags?post=70973"}],"curies":[{"name":"wp","href":"https:\/\/api.w.org\/{rel}","templated":true}]}}