{"id":70967,"date":"2025-12-23T00:01:47","date_gmt":"2025-12-23T06:01:47","guid":{"rendered":"https:\/\/noticiasveracruz.com\/?p=70967"},"modified":"2025-12-22T22:22:14","modified_gmt":"2025-12-23T04:22:14","slug":"veracruz-en-la-lista-negra","status":"publish","type":"post","link":"https:\/\/noticiasveracruz.com\/index.php\/2025\/12\/23\/veracruz-en-la-lista-negra\/","title":{"rendered":"Veracruz, en la lista negra"},"content":{"rendered":"<p>La playa Jos\u00e9 Mart\u00ed, ubicada en el estado de Veracruz, fue incluida entre las seis playas del pa\u00eds que no cumplen con los criterios de calidad sanitaria para uso recreativo, de acuerdo con los resultados del Tercer Monitoreo 2025 de la Calidad del Agua de Mar, difundido por la Secretar\u00eda de Medio Ambiente y Recursos Naturales (Semarnat) y la Comisi\u00f3n Federal para la Protecci\u00f3n contra Riesgos Sanitarios (Cofepris).<\/p>\n<p>El informe se\u00f1ala que, a nivel nacional, el 98 por ciento de las playas de uso recreativo en M\u00e9xico son aptas para el disfrute de la poblaci\u00f3n, al cumplir con los par\u00e1metros microbiol\u00f3gicos establecidos. No obstante, seis playas rebasaron el l\u00edmite permitido por la Organizaci\u00f3n Mundial de la Salud (OMS), que es de 200 enterococos por cada 100 mililitros de agua.<\/p>\n<p>Adem\u00e1s de \u00abPlaya Mart\u00ed\u00bb, en Veracruz, las playas no aptas son: Tijuana, en Baja California; Mismaloya, en Jalisco; El Veneno\/Miramar y San Francisco, en Sonora; y Barra del Tordo, en Tamaulipas.<\/p>\n<p>Las autoridades informaron que el monitoreo incluy\u00f3 el an\u00e1lisis de muestras tomadas en 289 playas de 17 estados con mayor afluencia tur\u00edstica, trabajo realizado por las \u00c1reas de Protecci\u00f3n contra Riesgos Sanitarios (APCRS) y la Red Nacional de Laboratorios de Salud P\u00fablica (RNLSP).<\/p>\n<p>Cofepris indic\u00f3 que, en coordinaci\u00f3n con las APCRS, se instruy\u00f3 a los Comit\u00e9s de Playas a implementar acciones inmediatas de saneamiento en las zonas afectadas, con el objetivo de reducir riesgos a la salud de turistas nacionales e internacionales, especialmente durante el periodo vacacional de invierno.<\/p>\n<p>Finalmente, las autoridades sanitarias exhortaron a la poblaci\u00f3n a mantener limpias las playas, evitar la contaminaci\u00f3n de los espacios naturales y consultar la aplicaci\u00f3n \u201cPlaya Mx\u201d, donde se puede verificar el estado sanitario de las zonas costeras del pa\u00eds.<\/p>\n","protected":false},"excerpt":{"rendered":"<p>La playa Jos\u00e9 Mart\u00ed, ubicada en el estado de Veracruz, fue incluida entre las seis playas del pa\u00eds que no<\/p>\n","protected":false},"author":4,"featured_media":70968,"comment_status":"closed","ping_status":"closed","sticky":false,"template":"","format":"standard","meta":{"colormag_page_container_layout":"default_layout","colormag_page_sidebar_layout":"default_layout","_jetpack_memberships_contains_paid_content":false,"footnotes":"","jetpack_publicize_message":"","jetpack_publicize_feature_enabled":true,"jetpack_social_post_already_shared":true,"jetpack_social_options":{"image_generator_settings":{"template":"highway","default_image_id":0,"font":"","enabled":false},"version":2}},"categories":[356],"tags":[],"class_list":["post-70967","post","type-post","status-publish","format-standard","has-post-thumbnail","hentry","category-veracruz"],"jetpack_publicize_connections":[],"jetpack_featured_media_url":"https:\/\/noticiasveracruz.com\/wp-content\/uploads\/2025\/12\/VER.jpg","jetpack_sharing_enabled":true,"publishpress_future_action":{"enabled":false,"date":"2026-05-07 07:40:00","action":"change-status","newStatus":"draft","terms":[],"taxonomy":"category","extraData":[]},"publishpress_future_workflow_manual_trigger":{"enabledWorkflows":[]},"_links":{"self":[{"href":"https:\/\/noticiasveracruz.com\/index.php\/wp-json\/wp\/v2\/posts\/70967","targetHints":{"allow":["GET"]}}],"collection":[{"href":"https:\/\/noticiasveracruz.com\/index.php\/wp-json\/wp\/v2\/posts"}],"about":[{"href":"https:\/\/noticiasveracruz.com\/index.php\/wp-json\/wp\/v2\/types\/post"}],"author":[{"embeddable":true,"href":"https:\/\/noticiasveracruz.com\/index.php\/wp-json\/wp\/v2\/users\/4"}],"replies":[{"embeddable":true,"href":"https:\/\/noticiasveracruz.com\/index.php\/wp-json\/wp\/v2\/comments?post=70967"}],"version-history":[{"count":0,"href":"https:\/\/noticiasveracruz.com\/index.php\/wp-json\/wp\/v2\/posts\/70967\/revisions"}],"wp:featuredmedia":[{"embeddable":true,"href":"https:\/\/noticiasveracruz.com\/index.php\/wp-json\/wp\/v2\/media\/70968"}],"wp:attachment":[{"href":"https:\/\/noticiasveracruz.com\/index.php\/wp-json\/wp\/v2\/media?parent=70967"}],"wp:term":[{"taxonomy":"category","embeddable":true,"href":"https:\/\/noticiasveracruz.com\/index.php\/wp-json\/wp\/v2\/categories?post=70967"},{"taxonomy":"post_tag","embeddable":true,"href":"https:\/\/noticiasveracruz.com\/index.php\/wp-json\/wp\/v2\/tags?post=70967"}],"curies":[{"name":"wp","href":"https:\/\/api.w.org\/{rel}","templated":true}]}}