{"id":70961,"date":"2025-12-22T02:07:41","date_gmt":"2025-12-22T08:07:41","guid":{"rendered":"https:\/\/noticiasveracruz.com\/?p=70961"},"modified":"2025-12-22T02:07:41","modified_gmt":"2025-12-22T08:07:41","slug":"reconocimientos-internacionales-a-mexico","status":"publish","type":"post","link":"https:\/\/noticiasveracruz.com\/index.php\/2025\/12\/22\/reconocimientos-internacionales-a-mexico\/","title":{"rendered":"Reconocimientos internacionales a M\u00e9xico"},"content":{"rendered":"<p><strong><span style=\"font-family: arial, helvetica, sans-serif; font-size: 14pt;\">-El mundo tiene la mirada en nuestro pa\u00eds por logros alcanzados en la econom\u00eda<\/span><\/strong><\/p>\n<p><strong><span style=\"font-family: arial, helvetica, sans-serif; font-size: 14pt;\">Por \u00c1ngel \u00c1lvaro Pe\u00f1a<\/span><\/strong><\/p>\n<p><span style=\"font-family: arial, helvetica, sans-serif; font-size: 14pt;\">Como muestra de la actualizaci\u00f3n de su perspectiva mundial, la Presidenta de M\u00e9xico, Claudia Sheinbaum afirm\u00f3 que Estados Unidos enfrenta graves problemas de drogadicci\u00f3n y falta de valores que, seg\u00fan sus palabras, no existen en M\u00e9xico, porque no es un modelo a seguir.<\/span><\/p>\n<p><span style=\"font-family: arial, helvetica, sans-serif; font-size: 14pt;\">Sus palabras seguramente ser\u00e1n interpretadas por la miop\u00eda de la oposici\u00f3n como un coqueteo con los pa\u00edses que les llaman comunistas, que en realidad son m\u00e1s capitalistas en este momento que el propio vecino del norte.<\/span><\/p>\n<p><span style=\"font-family: arial, helvetica, sans-serif; font-size: 14pt;\">Durante un evento de entrega de becas Benito Ju\u00e1rez en El Marqu\u00e9s, Quer\u00e9taro, la mandataria utiliz\u00f3 el sistema educativo estadounidense como ejemplo de log\u00edstica, pero marc\u00f3 una clara distancia social y cultural frente a dicha naci\u00f3n.<\/span><\/p>\n<p><span style=\"font-family: arial, helvetica, sans-serif; font-size: 14pt;\">A pesar de las cr\u00edticas de Sheinbaum sobre los problemas sociales en Estados Unidos, la relaci\u00f3n mantiene matices de colaboraci\u00f3n.<\/span><\/p>\n<p><span style=\"font-family: arial, helvetica, sans-serif; font-size: 14pt;\">La visi\u00f3n de la Presidenta de M\u00e9xico, reconoce d\u00f3nde hay avances en cada pa\u00eds para adaptar una serie de factores a nuestra problem\u00e1tica y alcanzar niveles de mejor educaci\u00f3n y con m\u00e1s expansi\u00f3n a la mayor rapidez posible.<\/span><\/p>\n<p><span style=\"font-family: arial, helvetica, sans-serif; font-size: 14pt;\">M\u00e9xico sigue sorprendiendo al mundo y da\u00f1ando a una oposici\u00f3n cada d\u00eda menos capacitada para el ejercicio pol\u00edtico y sobre todo, el administrativo.<\/span><\/p>\n<p><span style=\"font-family: arial, helvetica, sans-serif; font-size: 14pt;\">Se dio a conocer que M\u00e9xico fue objeto de un premio llamado \u201cEmisor del a\u00f1o\u201d, que otorga la revista especializada en finanzas, International Financing Review, debido a su estrategia para atender los problemas de deuda de Petr\u00f3leos Mexicanos sin comprometer las finanzas del Gobierno federal.<\/span><\/p>\n<p><span style=\"font-family: arial, helvetica, sans-serif; font-size: 14pt;\">Para aquellos que afirmaban que Pemex era chatarra y que habr\u00eda que venderlo por kilo, aqu\u00ed una respuesta a la responsabilidad nacionalista de los mexicanos.<\/span><\/p>\n<p><span style=\"font-family: arial, helvetica, sans-serif; font-size: 14pt;\">Este s\u00ed es un ejemplo a seguir, que casi podr\u00eda llamarse un acto de magia, que implica un gran conocimiento de la econom\u00eda del mundo.<\/span><\/p>\n<p><span style=\"font-family: arial, helvetica, sans-serif; font-size: 14pt;\">La mandataria explic\u00f3 que el reconocimiento destaca a M\u00e9xico como un referente entre los emisores soberanos de mercados emergentes, subrayando que en 2025 el pa\u00eds asumi\u00f3 un papel de liderazgo gracias a una ejecuci\u00f3n temprana, innovaci\u00f3n estructural, y vol\u00famenes r\u00e9cord de operaciones en los mercados financieros internacionales.<\/span><\/p>\n<p><span style=\"font-family: arial, helvetica, sans-serif; font-size: 14pt;\">De acuerdo con la publicaci\u00f3n, M\u00e9xico implement\u00f3 estrategias bien dise\u00f1adas para optimizar los costos de financiamiento, lo que permiti\u00f3 enfrentar uno de los principales retos financieros del pa\u00eds: la elevada deuda de Pemex. El m\u00e9rito, se\u00f1al\u00f3, fue abordar este problema sin trasladar riesgos al balance del gobierno federal.<\/span><\/p>\n<p><span style=\"font-family: arial, helvetica, sans-serif; font-size: 14pt;\">Sheinbaum reconoci\u00f3 que este manejo fue encabezado por el secretario de Hacienda, \u00c9dgar Amador Zamora, \u2014junto con la subsecretaria Mar\u00eda del Carmen Bonilla\u2014 y felicit\u00f3 al equipo de la Secretar\u00eda de Hacienda y Cr\u00e9dito P\u00fablico por el reconocimiento internacional.<\/span><\/p>\n<p><span style=\"font-family: arial, helvetica, sans-serif; font-size: 14pt;\">El premio \u201cEmisor del A\u00f1o\u201d de International Financing Review es otorgado a gobiernos y entidades que destacan por su desempe\u00f1o en los mercados de deuda, innovaci\u00f3n financiera y solidez fiscal, y es considerado uno de los galardones m\u00e1s relevantes del sector financiero internacional.<\/span><\/p>\n<p><span style=\"font-family: arial, helvetica, sans-serif; font-size: 14pt;\">Este premio, uno de los m\u00e1s codiciados en los mercados globales de deuda, destaca la capacidad de M\u00e9xico para recaudar casi 44 mil millones de d\u00f3lares en emisiones transfronterizas durante 2025.<\/span><\/p>\n<p><span style=\"font-family: arial, helvetica, sans-serif; font-size: 14pt;\">La Presidenta, Claudia Sheinbaum sigue cosechando reconocimientos en cada una de las \u00e1reas donde M\u00e9xico estaba atrasado todav\u00eda hace siete a\u00f1os.<\/span><\/p>\n<p><span style=\"font-family: arial, helvetica, sans-serif; font-size: 14pt;\">Desde luego que los medios convencionales de M\u00e9xico, c\u00f3mplices de la oposici\u00f3n, ni siquiera hablan de esta informaci\u00f3n y cuando lo hacen aparece en un rinc\u00f3n de la informaci\u00f3n con letra chica y sin un t\u00edtulo que llame la atenci\u00f3n.<\/span><\/p>\n<p><span style=\"font-family: arial, helvetica, sans-serif; font-size: 14pt;\">Lo cierto es que el pa\u00eds avanza y el mundo lo advierte, aunque en el interior sean los propios medios los que oculten los logros de su propia presidenta, mostrando una real enemistad que comenz\u00f3 siendo y una competencia electoral entre adversarios pol\u00edticos.<\/span><\/p>\n<p><span style=\"font-family: arial, helvetica, sans-serif; font-size: 14pt;\">No se trata de copiar esquemas completos sino retomar de las partes lo mejor y adaptar a la realidad de un pa\u00eds tan complejo en su historia y conformaci\u00f3n social, nuevas ideas que cuando se hacen con el conocimiento necesario no hay riesgos que lamentar.<\/span><\/p>\n<p><span style=\"font-family: arial, helvetica, sans-serif; font-size: 14pt;\">El reconocimiento Emisor es otorgado en buena parte a M\u00e9xico como l\u00edder financiero en 2025 y tambi\u00e9n destaca la labor de \u00c9dgar Amador en la SHCP, quien es egresado de la UNAM y tiene una maestr\u00eda en el Colegio de M\u00e9xico.<\/span><\/p>\n<p><span style=\"font-family: arial, helvetica, sans-serif; font-size: 14pt;\">Por si esto fuera poco, la Presidenta Sheinbaum Pardo agreg\u00f3 que la c\u00e1psula de Mujeres en la Historia, tambi\u00e9n fue premiada con un reconocimiento internacional en la categor\u00eda de Animaci\u00f3n de los Premios TAL, principal reconocimiento a lo mejor de la televisi\u00f3n p\u00fablica en Am\u00e9rica Latina.<\/span><\/p>\n<p><span style=\"font-family: arial, helvetica, sans-serif; font-size: 14pt;\">Ju\u00e1rez P\u00e9rez explic\u00f3 que los premios TAL son otorgados por un jurado internacional en cada categor\u00eda. En esta edici\u00f3n, 2025, participaron 57 canales de 14 pa\u00edses. Destac\u00f3 que la serie producida por Canal 14, del Sistema P\u00fablico de Radiodifusi\u00f3n del Estado Mexicano, obtuvo el premio a la categor\u00eda \u201cMejor animaci\u00f3n\u201d.<\/span><\/p>\n<p><span style=\"font-family: arial, helvetica, sans-serif; font-size: 14pt;\">Los ojos del mundo est\u00e1n puestos en M\u00e9xico, desde el turismo hasta los logros econ\u00f3micos sorprenden ante el surgimiento de mujeres mexicanas de gran talento, como la mayor\u00eda de ellas. No hay duda de que M\u00e9xico est\u00e1 de moda.<\/span><\/p>\n<p><span style=\"font-family: arial, helvetica, sans-serif; font-size: 14pt;\">Uno de los graves problemas del pasado era que los gobiernos neoliberales no permit\u00edan fluir el talento de los mexicanos, porque los cargos de decisi\u00f3n y operaci\u00f3n de alto nivel estaban ocupados por familiares y amigos de los presidentes y los secretarios de Estado. Ahora, los perfiles est\u00e1n en su lugar, la convicci\u00f3n bien puesta y el conocimiento basada en la realidad nacional y no copiados de universidades de otros pa\u00edses.<\/span><\/p>\n","protected":false},"excerpt":{"rendered":"<p>-El mundo tiene la mirada en nuestro pa\u00eds por logros alcanzados en la econom\u00eda Por \u00c1ngel \u00c1lvaro Pe\u00f1a Como muestra<\/p>\n","protected":false},"author":4,"featured_media":70962,"comment_status":"closed","ping_status":"closed","sticky":false,"template":"","format":"standard","meta":{"colormag_page_container_layout":"default_layout","colormag_page_sidebar_layout":"default_layout","_jetpack_memberships_contains_paid_content":false,"footnotes":"","jetpack_publicize_message":"","jetpack_publicize_feature_enabled":true,"jetpack_social_post_already_shared":true,"jetpack_social_options":{"image_generator_settings":{"template":"highway","default_image_id":0,"font":"","enabled":false},"version":2}},"categories":[6],"tags":[],"class_list":["post-70961","post","type-post","status-publish","format-standard","has-post-thumbnail","hentry","category-columnistas"],"jetpack_publicize_connections":[],"jetpack_featured_media_url":"https:\/\/noticiasveracruz.com\/wp-content\/uploads\/2025\/12\/2025-12-20_Beca_Universal_Benito_Jua_rez_para_Educacio_n_Media_Superior_09_GM.jpg","jetpack_sharing_enabled":true,"publishpress_future_action":{"enabled":false,"date":"2026-05-07 06:40:00","action":"change-status","newStatus":"draft","terms":[],"taxonomy":"category","extraData":[]},"publishpress_future_workflow_manual_trigger":{"enabledWorkflows":[]},"_links":{"self":[{"href":"https:\/\/noticiasveracruz.com\/index.php\/wp-json\/wp\/v2\/posts\/70961","targetHints":{"allow":["GET"]}}],"collection":[{"href":"https:\/\/noticiasveracruz.com\/index.php\/wp-json\/wp\/v2\/posts"}],"about":[{"href":"https:\/\/noticiasveracruz.com\/index.php\/wp-json\/wp\/v2\/types\/post"}],"author":[{"embeddable":true,"href":"https:\/\/noticiasveracruz.com\/index.php\/wp-json\/wp\/v2\/users\/4"}],"replies":[{"embeddable":true,"href":"https:\/\/noticiasveracruz.com\/index.php\/wp-json\/wp\/v2\/comments?post=70961"}],"version-history":[{"count":0,"href":"https:\/\/noticiasveracruz.com\/index.php\/wp-json\/wp\/v2\/posts\/70961\/revisions"}],"wp:featuredmedia":[{"embeddable":true,"href":"https:\/\/noticiasveracruz.com\/index.php\/wp-json\/wp\/v2\/media\/70962"}],"wp:attachment":[{"href":"https:\/\/noticiasveracruz.com\/index.php\/wp-json\/wp\/v2\/media?parent=70961"}],"wp:term":[{"taxonomy":"category","embeddable":true,"href":"https:\/\/noticiasveracruz.com\/index.php\/wp-json\/wp\/v2\/categories?post=70961"},{"taxonomy":"post_tag","embeddable":true,"href":"https:\/\/noticiasveracruz.com\/index.php\/wp-json\/wp\/v2\/tags?post=70961"}],"curies":[{"name":"wp","href":"https:\/\/api.w.org\/{rel}","templated":true}]}}