{"id":70957,"date":"2025-12-22T02:04:16","date_gmt":"2025-12-22T08:04:16","guid":{"rendered":"https:\/\/noticiasveracruz.com\/?p=70957"},"modified":"2025-12-22T02:04:16","modified_gmt":"2025-12-22T08:04:16","slug":"jamas-hicieron-nada","status":"publish","type":"post","link":"https:\/\/noticiasveracruz.com\/index.php\/2025\/12\/22\/jamas-hicieron-nada\/","title":{"rendered":"\u00a1\u00a1\u00a1Jam\u00e1s hicieron nada!!!"},"content":{"rendered":"<p>Para muchos gobernantes, autoridades y pol\u00edticos afines al neoliberalismo y la Cuarta Transformaci\u00f3n de la Naci\u00f3n, el concepto de la palabra corrupci\u00f3n se encuentra inmerso en su forma de pensar. En la historia jur\u00eddica vinculada al tema, se pueden encontrar diversos ejemplos que ponen clara muestra y acento de ese deleznable trama.<\/p>\n<p>En el medio de procuraci\u00f3n, impartici\u00f3n y administraci\u00f3n de justicia, durante esas dos infames \u00e9pocas pol\u00edticas, la desmedida sed de riqueza, abuso de poder, insana interpretaci\u00f3n de la norma Constitucional y dependencia a otros Poderes de la Uni\u00f3n, constituyeron los obst\u00e1culos m\u00e1s importantes para el hacer de honorables servidores p\u00fablicos, los cuales en aqu\u00e9l entonces laboraban en la Procuradur\u00eda General de la Rep\u00fablica. El poder de la corrupci\u00f3n, en contra de su voluntad, les impidi\u00f3 actuar con lealtad a la Constituci\u00f3n Pol\u00edtica de los Estados Unidos Mexicanos.<\/p>\n<p>Existieron m\u00faltiples casos que hicieron centrar la atenci\u00f3n de acad\u00e9micos en aquellos funcionarios desleales con sus obligaciones pol\u00edticas y jur\u00eddicas, quienes a la vez traicionaron a la justicia, con sus acciones y omisiones a cambio de d\u00e1divas cuantiosas o prebendas de \u00edndole pol\u00edtico.<\/p>\n<p>Manuel Solares Mendiola \u2013por ejemplo\u2014puso el dedo en la llaga, con multitud de acentos en el mal actuar de las autoridades, las cuales a cambio de recibir esos o aquellos beneficios o prebendas se dedicaron a corromper su funci\u00f3n p\u00fablica en contra de lo estipulado por el Pacto Federal. Sin duda, esos ejemplos se\u00f1alados por tan ilustre polit\u00f3logo recogieron casos muy t\u00edpicos de corrupci\u00f3n en la \u00e9poca del neoliberalismo. En la actualidad la abogac\u00eda independiente se atreve a recordar que Ernesto Zedillo Ponce de Le\u00f3n, en alg\u00fan momento expres\u00f3: \u201cel poder del narcotr\u00e1fico ha invadido nuestras instituciones de procuraci\u00f3n de justicia\u201d. Los pol\u00edticos, autoridades y gobernantes no hicieron nada, ni en la actualidad han hecho algo.<\/p>\n<p>Otros enfoques, en relaci\u00f3n a ello, se centran en lo expuesto por Don Ediie Varon Levy, quien sostiene \u201cfuncionarios p\u00fablicos, en su momento maximizaron los beneficios de la corrupci\u00f3n, concibieron sus togas como un gran negocio\u201d.<\/p>\n<p>Esos bur\u00f3cratas de corrupci\u00f3n que se prestaron en el ayer a proteger a la narco-pol\u00edtica, a cambio de prebendas, causaron una mala imagen a la justicia.<\/p>\n<p>Para la abogac\u00eda independiente de la Naci\u00f3n, el da\u00f1o que produjo la corrupci\u00f3n en el entorno de procuraci\u00f3n e impartici\u00f3n de justicia, atent\u00f3 y atenta contra la legitimidad del Estado.<\/p>\n<p>\u00bfPodr\u00e1 la Presidenta Constitucional cambiar el rumbo de M\u00e9xico?.<\/p>\n<p>Es cu\u00e1nto.<\/p>\n<p><img loading=\"lazy\" decoding=\"async\" class=\"alignnone wp-image-70947 size-full\" src=\"http:\/\/noticiasveracruz.com\/wp-content\/uploads\/2025\/12\/FIRMA-EDITORIAL-PD-7.jpg\" alt=\"\" width=\"1024\" height=\"125\" srcset=\"https:\/\/noticiasveracruz.com\/wp-content\/uploads\/2025\/12\/FIRMA-EDITORIAL-PD-7.jpg 1024w, https:\/\/noticiasveracruz.com\/wp-content\/uploads\/2025\/12\/FIRMA-EDITORIAL-PD-7-300x37.jpg 300w, https:\/\/noticiasveracruz.com\/wp-content\/uploads\/2025\/12\/FIRMA-EDITORIAL-PD-7-768x94.jpg 768w\" sizes=\"auto, (max-width: 1024px) 100vw, 1024px\" \/><\/p>\n","protected":false},"excerpt":{"rendered":"<p>Para muchos gobernantes, autoridades y pol\u00edticos afines al neoliberalismo y la Cuarta Transformaci\u00f3n de la Naci\u00f3n, el concepto de la<\/p>\n","protected":false},"author":4,"featured_media":39135,"comment_status":"closed","ping_status":"closed","sticky":false,"template":"","format":"standard","meta":{"colormag_page_container_layout":"default_layout","colormag_page_sidebar_layout":"default_layout","_jetpack_memberships_contains_paid_content":false,"footnotes":"","jetpack_publicize_message":"","jetpack_publicize_feature_enabled":true,"jetpack_social_post_already_shared":true,"jetpack_social_options":{"image_generator_settings":{"template":"highway","default_image_id":0,"font":"","enabled":false},"version":2}},"categories":[6],"tags":[],"class_list":["post-70957","post","type-post","status-publish","format-standard","has-post-thumbnail","hentry","category-columnistas"],"jetpack_publicize_connections":[],"jetpack_featured_media_url":"https:\/\/noticiasveracruz.com\/wp-content\/uploads\/2024\/09\/NV-ALBERTO-WOOLRICH.jpg","jetpack_sharing_enabled":true,"publishpress_future_action":{"enabled":false,"date":"2026-05-07 06:43:16","action":"change-status","newStatus":"draft","terms":[],"taxonomy":"category","extraData":[]},"publishpress_future_workflow_manual_trigger":{"enabledWorkflows":[]},"_links":{"self":[{"href":"https:\/\/noticiasveracruz.com\/index.php\/wp-json\/wp\/v2\/posts\/70957","targetHints":{"allow":["GET"]}}],"collection":[{"href":"https:\/\/noticiasveracruz.com\/index.php\/wp-json\/wp\/v2\/posts"}],"about":[{"href":"https:\/\/noticiasveracruz.com\/index.php\/wp-json\/wp\/v2\/types\/post"}],"author":[{"embeddable":true,"href":"https:\/\/noticiasveracruz.com\/index.php\/wp-json\/wp\/v2\/users\/4"}],"replies":[{"embeddable":true,"href":"https:\/\/noticiasveracruz.com\/index.php\/wp-json\/wp\/v2\/comments?post=70957"}],"version-history":[{"count":0,"href":"https:\/\/noticiasveracruz.com\/index.php\/wp-json\/wp\/v2\/posts\/70957\/revisions"}],"wp:featuredmedia":[{"embeddable":true,"href":"https:\/\/noticiasveracruz.com\/index.php\/wp-json\/wp\/v2\/media\/39135"}],"wp:attachment":[{"href":"https:\/\/noticiasveracruz.com\/index.php\/wp-json\/wp\/v2\/media?parent=70957"}],"wp:term":[{"taxonomy":"category","embeddable":true,"href":"https:\/\/noticiasveracruz.com\/index.php\/wp-json\/wp\/v2\/categories?post=70957"},{"taxonomy":"post_tag","embeddable":true,"href":"https:\/\/noticiasveracruz.com\/index.php\/wp-json\/wp\/v2\/tags?post=70957"}],"curies":[{"name":"wp","href":"https:\/\/api.w.org\/{rel}","templated":true}]}}