{"id":70955,"date":"2025-12-22T02:02:35","date_gmt":"2025-12-22T08:02:35","guid":{"rendered":"https:\/\/noticiasveracruz.com\/?p=70955"},"modified":"2025-12-22T02:02:35","modified_gmt":"2025-12-22T08:02:35","slug":"entre-sanciones-premios-y-silencios","status":"publish","type":"post","link":"https:\/\/noticiasveracruz.com\/index.php\/2025\/12\/22\/entre-sanciones-premios-y-silencios\/","title":{"rendered":"Entre sanciones, premios y silencios"},"content":{"rendered":"<p><span style=\"font-family: 'Arial',sans-serif;\">La creciente tensi\u00f3n entre Estados Unidos y Venezuela ha vuelto a colocar a Am\u00e9rica Latina frente a una discusi\u00f3n que nunca termina de resolverse: \u00bfhasta d\u00f3nde llega la soberan\u00eda de los pa\u00edses? y \u00bfcu\u00e1ndo la comunidad internacional decide intervenir, directa o indirectamente, en nombre de la democracia o la seguridad?. La decisi\u00f3n del gobierno estadounidense de endurecer el bloqueo a embarcaciones petroleras venezolanas no es solo una medida econ\u00f3mica; es una acci\u00f3n con profundas consecuencias pol\u00edticas y humanitarias.<\/span><\/p>\n<p><span style=\"font-family: 'Arial',sans-serif;\">En este escenario, las declaraciones de la presidenta de M\u00e9xico, Claudia Sheinbaum, adquieren un peso especial. Su llamado a la Organizaci\u00f3n de las Naciones Unidas para evitar un derramamiento de sangre y su insistencia en una soluci\u00f3n pac\u00edfica no son simples gestos diplom\u00e1ticos. Provienen de una figura con poder pol\u00edtico real, de un pa\u00eds con tradici\u00f3n hist\u00f3rica de no intervenci\u00f3n y con autoridad moral en la regi\u00f3n. Cuando M\u00e9xico habla, no lo hace desde la marginalidad, sino desde una posici\u00f3n que puede influir en el rumbo del debate latinoamericano, principalmente en medio de un panorama con cambios recientes entre los mandatarios de otros pa\u00edses.<\/span><\/p>\n<p><span style=\"font-family: 'Arial',sans-serif;\">La importancia de estas posturas radica en que ayudan a marcar l\u00edmites. En un contexto donde las decisiones de Estados Unidos suelen imponerse por su peso econ\u00f3mico y militar, una voz que apela al multilateralismo y a la diplomacia sirve como contrapeso. Sin embargo, tambi\u00e9n expone una tensi\u00f3n interna: defender la no intervenci\u00f3n sin proponer mecanismos m\u00e1s activos puede convertir ese principio en una postura pasiva frente a crisis prolongadas como la venezolana.<\/span><\/p>\n<p><span style=\"font-family: 'Arial',sans-serif;\">El reconocimiento internacional a Mar\u00eda Corina Machado con el Premio Nobel de la Paz suma una nueva capa al conflicto. El galard\u00f3n visibiliza la lucha por los derechos humanos y la democracia en Venezuela, pero tambi\u00e9n plantea preguntas inc\u00f3modas. En el pasado, los discursos de \u201cliberaci\u00f3n\u201d y \u201cdefensa de la democracia\u201d han sido utilizados para justificar acciones militares o sanciones que terminan afectando a la poblaci\u00f3n civil m\u00e1s que a los gobiernos en el poder. El Nobel, en ese sentido, puede ser un s\u00edmbolo de esperanza, pero tambi\u00e9n un elemento que algunos actores internacionales usan para reforzar agendas propias.<\/span><\/p>\n<p><span style=\"font-family: 'Arial',sans-serif;\">Aqu\u00ed es donde la experiencia reciente obliga a mirar con cautela. Julian Assange, fundador de WikiLeaks, document\u00f3 y denunci\u00f3 cr\u00edmenes de guerra cometidos por Estados Unidos en conflictos como Irak y Afganist\u00e1n. Sus revelaciones mostraron c\u00f3mo, bajo el discurso de seguridad y libertad, se cometieron abusos graves que costaron miles de vidas civiles. Recordar estas acusaciones no es un ejercicio del pasado, sino una advertencia: la intervenci\u00f3n extranjera rara vez es neutral o desinteresada.<\/span><\/p>\n<p><span style=\"font-family: 'Arial',sans-serif;\">Por lo anterior Assange hace una acusaci\u00f3n directa ala fundaci\u00f3n N\u00f3bel, pues desde su perspectiva el reconocimiento a Mar\u00eda Corina Machado puede reforzar que se cometan \u201c cr\u00edmenes de guerra\u201d en lugar de fortalecer la paz, lo cual se opone a la misi\u00f3n original del N\u00f3bel, pues la premiada ha incitado de alguna forma al gobierno de Trump para la intervenci\u00f3n no pac\u00edfica en Venezuela.<\/span><\/p>\n<p><span style=\"font-family: 'Arial',sans-serif;\">Por eso, la postura de M\u00e9xico no puede limitarse a declaraciones bien intencionadas. Su liderazgo regional deber\u00eda traducirse en propuestas concretas: impulsar procesos de mediaci\u00f3n reales, fortalecer canales humanitarios y promover espacios donde la soluci\u00f3n no dependa de sanciones unilaterales ni de amenazas veladas. La diplomacia, cuando es activa y consistente, tambi\u00e9n es una forma de ejercer poder.<\/span><\/p>\n<p><span style=\"font-family: 'Arial',sans-serif;\">La crisis venezolana no admite respuestas simples. Estados Unidos presiona desde la fuerza; la oposici\u00f3n busca respaldo internacional; el gobierno de Maduro se aferra al control interno. En medio, millones de personas civiles e inocentes, viven las consecuencias. En ese contexto, las palabras de l\u00edderes como Claudia Sheinbaum importan porque ayudan a definir qu\u00e9 tipo de regi\u00f3n quiere ser Am\u00e9rica Latina: una que repite discursos sin efecto o una capaz de construir soluciones propias.<\/span><\/p>\n<p><span style=\"font-family: 'Arial',sans-serif;\">La pregunta que queda abierta no es solo qu\u00e9 pasar\u00e1 con Venezuela, sino si los pa\u00edses de la regi\u00f3n, M\u00e9xico incluido, est\u00e1n dispuestos a asumir un papel m\u00e1s firme y coherente para que la paz deje de ser solo una declaraci\u00f3n y se convierta en una pol\u00edtica real.<\/span><\/p>\n<p><img loading=\"lazy\" decoding=\"async\" class=\"alignnone wp-image-70947 size-full\" src=\"http:\/\/noticiasveracruz.com\/wp-content\/uploads\/2025\/12\/FIRMA-EDITORIAL-PD-7.jpg\" alt=\"\" width=\"1024\" height=\"125\" srcset=\"https:\/\/noticiasveracruz.com\/wp-content\/uploads\/2025\/12\/FIRMA-EDITORIAL-PD-7.jpg 1024w, https:\/\/noticiasveracruz.com\/wp-content\/uploads\/2025\/12\/FIRMA-EDITORIAL-PD-7-300x37.jpg 300w, https:\/\/noticiasveracruz.com\/wp-content\/uploads\/2025\/12\/FIRMA-EDITORIAL-PD-7-768x94.jpg 768w\" sizes=\"auto, (max-width: 1024px) 100vw, 1024px\" \/><\/p>\n","protected":false},"excerpt":{"rendered":"<p>La creciente tensi\u00f3n entre Estados Unidos y Venezuela ha vuelto a colocar a Am\u00e9rica Latina frente a una discusi\u00f3n que<\/p>\n","protected":false},"author":4,"featured_media":42866,"comment_status":"closed","ping_status":"closed","sticky":false,"template":"","format":"standard","meta":{"colormag_page_container_layout":"default_layout","colormag_page_sidebar_layout":"default_layout","_jetpack_memberships_contains_paid_content":false,"footnotes":"","jetpack_publicize_message":"","jetpack_publicize_feature_enabled":true,"jetpack_social_post_already_shared":true,"jetpack_social_options":{"image_generator_settings":{"template":"highway","default_image_id":0,"font":"","enabled":false},"version":2}},"categories":[6],"tags":[],"class_list":["post-70955","post","type-post","status-publish","format-standard","has-post-thumbnail","hentry","category-columnistas"],"jetpack_publicize_connections":[],"jetpack_featured_media_url":"https:\/\/noticiasveracruz.com\/wp-content\/uploads\/2024\/10\/NV-ZAIRA-ROSAS-1.jpg","jetpack_sharing_enabled":true,"publishpress_future_action":{"enabled":false,"date":"2026-05-07 06:42:53","action":"change-status","newStatus":"draft","terms":[],"taxonomy":"category","extraData":[]},"publishpress_future_workflow_manual_trigger":{"enabledWorkflows":[]},"_links":{"self":[{"href":"https:\/\/noticiasveracruz.com\/index.php\/wp-json\/wp\/v2\/posts\/70955","targetHints":{"allow":["GET"]}}],"collection":[{"href":"https:\/\/noticiasveracruz.com\/index.php\/wp-json\/wp\/v2\/posts"}],"about":[{"href":"https:\/\/noticiasveracruz.com\/index.php\/wp-json\/wp\/v2\/types\/post"}],"author":[{"embeddable":true,"href":"https:\/\/noticiasveracruz.com\/index.php\/wp-json\/wp\/v2\/users\/4"}],"replies":[{"embeddable":true,"href":"https:\/\/noticiasveracruz.com\/index.php\/wp-json\/wp\/v2\/comments?post=70955"}],"version-history":[{"count":0,"href":"https:\/\/noticiasveracruz.com\/index.php\/wp-json\/wp\/v2\/posts\/70955\/revisions"}],"wp:featuredmedia":[{"embeddable":true,"href":"https:\/\/noticiasveracruz.com\/index.php\/wp-json\/wp\/v2\/media\/42866"}],"wp:attachment":[{"href":"https:\/\/noticiasveracruz.com\/index.php\/wp-json\/wp\/v2\/media?parent=70955"}],"wp:term":[{"taxonomy":"category","embeddable":true,"href":"https:\/\/noticiasveracruz.com\/index.php\/wp-json\/wp\/v2\/categories?post=70955"},{"taxonomy":"post_tag","embeddable":true,"href":"https:\/\/noticiasveracruz.com\/index.php\/wp-json\/wp\/v2\/tags?post=70955"}],"curies":[{"name":"wp","href":"https:\/\/api.w.org\/{rel}","templated":true}]}}