{"id":70953,"date":"2025-12-22T02:01:05","date_gmt":"2025-12-22T08:01:05","guid":{"rendered":"https:\/\/noticiasveracruz.com\/?p=70953"},"modified":"2025-12-22T02:01:05","modified_gmt":"2025-12-22T08:01:05","slug":"el-primer-ano-no-se-aplaude-se-evalua","status":"publish","type":"post","link":"https:\/\/noticiasveracruz.com\/index.php\/2025\/12\/22\/el-primer-ano-no-se-aplaude-se-evalua\/","title":{"rendered":"El primer a\u00f1o no se aplaude: se eval\u00faa"},"content":{"rendered":"<p>El primer a\u00f1o de gobierno no es para lanzar cohetes ni para colgarse medallas prematuras. Es, por definici\u00f3n democr\u00e1tica, un corte de caja. Un momento inc\u00f3modo pero necesario para separar la ret\u00f3rica de los resultados, las buenas intenciones de la capacidad real, y \u2014sobre todo\u2014 para medir si el poder entendi\u00f3 que gobierna para la ciudadan\u00eda y no para el aplauso f\u00e1cil.<\/p>\n<p>La administraci\u00f3n estatal que encabeza la gobernadora\u00a0<strong>Roc\u00edo Nahle Garc\u00eda<\/strong>\u00a0se aproxima a su primer aniversario con una realidad clara: el tiempo de aprendizaje se agot\u00f3. Ya no hay margen para improvisaciones ni para la tolerancia pol\u00edtica disfrazada de paciencia institucional. Gobernar no es un ensayo general; es funci\u00f3n permanente.<\/p>\n<p>Desde el arranque, el nuevo gobierno hered\u00f3 una estructura da\u00f1ada. No es un secreto ni una especulaci\u00f3n malintencionada. Es un hecho documentado. El sexenio de\u00a0<strong>Cuitl\u00e1huac Garc\u00eda Jim\u00e9nez<\/strong>\u00a0dej\u00f3 no solo rezagos administrativos, sino\u00a0<strong>se\u00f1ales evidentes de corrupci\u00f3n<\/strong>, desorden financiero y decisiones pol\u00edticas que privilegiaron la lealtad sobre la competencia. Hoy, esos expedientes existen. Est\u00e1n integrados. Y, como corresponde al Estado de derecho, deber\u00e1n caminar por la ruta institucional, no por la vendetta ni por el encubrimiento.<\/p>\n<p>Aqu\u00ed conviene ser precisos: se\u00f1alar corrupci\u00f3n no es linchar; es exigir cuentas. Y exigir cuentas no viola la ley, la honra ni la presunci\u00f3n de inocencia cuando se hace con documentos, auditor\u00edas y procedimientos en curso. Lo irresponsable ser\u00eda callar. Lo inmoral, simular.<\/p>\n<p>En este primer a\u00f1o, el equipo de gobierno ha tenido la oportunidad \u2014y la obligaci\u00f3n\u2014 de demostrar de qu\u00e9 est\u00e1 hecho. Algunos funcionarios lo han entendido: han trabajado, han corregido inercias, han puesto orden. Otros, lamentablemente, no dieron el ancho. El cargo les qued\u00f3 grande. Y en la administraci\u00f3n p\u00fablica, cuando el desempe\u00f1o no alcanza,\u00a0<strong>la salida no es un castigo: es una necesidad institucional<\/strong>.<\/p>\n<p>Ya se dieron los primeros ajustes. No ser\u00e1n los \u00faltimos. Y no deber\u00edan verse como crisis, sino como decisiones correctivas. Gobernar tambi\u00e9n es saber remover. La maquinaria del Estado no funciona por simpat\u00edas ni por cuotas pol\u00edticas; funciona con experiencia, car\u00e1cter y conocimiento t\u00e9cnico. El que no pueda, que se haga a un lado. As\u00ed de simple.<\/p>\n<p>Lo que no puede permitirse \u2014y aqu\u00ed la advertencia es clara\u2014 es que los cambios se conviertan en maquillaje. No se trata de mover nombres para dejar todo igual. Se trata de\u00a0<strong>romper con pr\u00e1cticas del pasado<\/strong>\u00a0que tanto da\u00f1o le hicieron a la credibilidad institucional. El ciudadano ya no compra discursos. Observa, compara y juzga.<\/p>\n<p>La gobernadora Nahle tiene un activo que no debe desperdiciar: legitimidad pol\u00edtica y una expectativa alta de rectificaci\u00f3n. Pero la legitimidad se erosiona r\u00e1pido cuando no se traduce en resultados. Y la expectativa se convierte en decepci\u00f3n cuando se tolera la incompetencia o se protege al ineficiente.<\/p>\n<p>El combate a la corrupci\u00f3n no se anuncia; se ejecuta. No basta con que \u201clos responsables hayan puesto tierra de por medio\u201d. La justicia no puede ser espectadora. Si hay irregularidades comprobadas, que se proceda conforme a la ley. Sin espect\u00e1culo, sin pactos, sin selectividad.\u00a0<strong>La impunidad es el \u00faltimo refugio del mal gobierno<\/strong>.<\/p>\n<p>El inicio del nuevo a\u00f1o ser\u00e1 clave. Vendr\u00e1n m\u00e1s movimientos, m\u00e1s definiciones y \u2014esperemos\u2014 m\u00e1s claridad. No es momento de cuidar susceptibilidades internas, sino de responder a una sociedad cansada de excusas. El poder que no se corrige a tiempo termina pareci\u00e9ndose peligrosamente a aquello que prometi\u00f3 erradicar.<\/p>\n<p>Este primer a\u00f1o no se califica con aplausos ni con consignas. Se eval\u00faa con datos, con hechos y con decisiones. La gobernadora a\u00fan est\u00e1 a tiempo de consolidar un equipo a la altura del reto. Pero el reloj pol\u00edtico no se detiene y la ciudadan\u00eda no olvida.<\/p>\n<p>Gobernar es decidir. Y decidir implica asumir costos. Lo dem\u00e1s es ret\u00f3rica. Y de esa, Veracruz \u2014y el pa\u00eds\u2014 ya tuvo suficiente.<\/p>\n<p><img loading=\"lazy\" decoding=\"async\" class=\"alignnone wp-image-70947 size-full\" src=\"http:\/\/noticiasveracruz.com\/wp-content\/uploads\/2025\/12\/FIRMA-EDITORIAL-PD-7.jpg\" alt=\"\" width=\"1024\" height=\"125\" srcset=\"https:\/\/noticiasveracruz.com\/wp-content\/uploads\/2025\/12\/FIRMA-EDITORIAL-PD-7.jpg 1024w, https:\/\/noticiasveracruz.com\/wp-content\/uploads\/2025\/12\/FIRMA-EDITORIAL-PD-7-300x37.jpg 300w, https:\/\/noticiasveracruz.com\/wp-content\/uploads\/2025\/12\/FIRMA-EDITORIAL-PD-7-768x94.jpg 768w\" sizes=\"auto, (max-width: 1024px) 100vw, 1024px\" \/><\/p>\n","protected":false},"excerpt":{"rendered":"<p>El primer a\u00f1o de gobierno no es para lanzar cohetes ni para colgarse medallas prematuras. Es, por definici\u00f3n democr\u00e1tica, un<\/p>\n","protected":false},"author":4,"featured_media":29037,"comment_status":"closed","ping_status":"closed","sticky":false,"template":"","format":"standard","meta":{"colormag_page_container_layout":"default_layout","colormag_page_sidebar_layout":"default_layout","_jetpack_memberships_contains_paid_content":false,"footnotes":"","jetpack_publicize_message":"","jetpack_publicize_feature_enabled":true,"jetpack_social_post_already_shared":true,"jetpack_social_options":{"image_generator_settings":{"template":"highway","default_image_id":0,"font":"","enabled":false},"version":2}},"categories":[6],"tags":[],"class_list":["post-70953","post","type-post","status-publish","format-standard","has-post-thumbnail","hentry","category-columnistas"],"jetpack_publicize_connections":[],"jetpack_featured_media_url":"https:\/\/noticiasveracruz.com\/wp-content\/uploads\/2024\/04\/BANNER-cristiani-NV.jpg","jetpack_sharing_enabled":true,"publishpress_future_action":{"enabled":false,"date":"2026-05-07 07:32:48","action":"change-status","newStatus":"draft","terms":[],"taxonomy":"category","extraData":[]},"publishpress_future_workflow_manual_trigger":{"enabledWorkflows":[]},"_links":{"self":[{"href":"https:\/\/noticiasveracruz.com\/index.php\/wp-json\/wp\/v2\/posts\/70953","targetHints":{"allow":["GET"]}}],"collection":[{"href":"https:\/\/noticiasveracruz.com\/index.php\/wp-json\/wp\/v2\/posts"}],"about":[{"href":"https:\/\/noticiasveracruz.com\/index.php\/wp-json\/wp\/v2\/types\/post"}],"author":[{"embeddable":true,"href":"https:\/\/noticiasveracruz.com\/index.php\/wp-json\/wp\/v2\/users\/4"}],"replies":[{"embeddable":true,"href":"https:\/\/noticiasveracruz.com\/index.php\/wp-json\/wp\/v2\/comments?post=70953"}],"version-history":[{"count":0,"href":"https:\/\/noticiasveracruz.com\/index.php\/wp-json\/wp\/v2\/posts\/70953\/revisions"}],"wp:featuredmedia":[{"embeddable":true,"href":"https:\/\/noticiasveracruz.com\/index.php\/wp-json\/wp\/v2\/media\/29037"}],"wp:attachment":[{"href":"https:\/\/noticiasveracruz.com\/index.php\/wp-json\/wp\/v2\/media?parent=70953"}],"wp:term":[{"taxonomy":"category","embeddable":true,"href":"https:\/\/noticiasveracruz.com\/index.php\/wp-json\/wp\/v2\/categories?post=70953"},{"taxonomy":"post_tag","embeddable":true,"href":"https:\/\/noticiasveracruz.com\/index.php\/wp-json\/wp\/v2\/tags?post=70953"}],"curies":[{"name":"wp","href":"https:\/\/api.w.org\/{rel}","templated":true}]}}