{"id":70951,"date":"2025-12-22T01:59:27","date_gmt":"2025-12-22T07:59:27","guid":{"rendered":"https:\/\/noticiasveracruz.com\/?p=70951"},"modified":"2025-12-22T01:59:27","modified_gmt":"2025-12-22T07:59:27","slug":"mario-delgado-se-prepara-para-colima","status":"publish","type":"post","link":"https:\/\/noticiasveracruz.com\/index.php\/2025\/12\/22\/mario-delgado-se-prepara-para-colima\/","title":{"rendered":"Mario Delgado se prepara para Colima"},"content":{"rendered":"<p>En la SEP hay ambiente de cambio.<br \/>\nLa segura partida de Mario Delgado hacia la candidatura de Colima forma parte del mayor de los rumores en un ambiente de especulaciones.<br \/>\nEso ha creado incertidumbres porque los altos funcionarios hacen apuestas, por inter\u00e9s o por deporte nacional, rumbo a las pr\u00f3ximas elecciones.<br \/>\nAdem\u00e1s, algunos desesperados quieren acomodarse, ir a posiciones donde seg\u00fan ellos les dar\u00eda posibilidades de la mayor aspiraci\u00f3n hacia el 2030.<br \/>\nParecieran no tomar en cuenta el origen de esa decisi\u00f3n, o en Palacio Nacional con Claudia Sheinbaum o, como temen algunos, en el rancho de Andr\u00e9s Manuel L\u00f3pez Obrador.<br \/>\nEl punto de partida de todas las versiones son las 17 gubernaturas en juego en poco m\u00e1s de a\u00f1o y medio, cuando se perfilar\u00e1 el cuadro de gobierno para el siguiente cambio.<br \/>\nPor ahora hay muy pocas definiciones y una de ellas tiende a proteger a Mario Delgado, quien llegar\u00eda seis a\u00f1os tarde, aunque su implementaci\u00f3n llevar\u00e1 meses.<br \/>\nEn el sexenio pasado aspir\u00f3 e inclusive se entrevist\u00f3 con el entonces gobernador Jos\u00e9 Ignacio Peralta en un restaurante de la Zona Rosa, pero L\u00f3pez Obrador mand\u00f3 a su cercan\u00edsima Indira Vizca\u00edno.<br \/>\nLOS DESESPERADOS<br \/>\nHay otros prospectos avanzados.<br \/>\nDe momento la diputada Andrea Ch\u00e1vez, quien lleva m\u00e1s de un a\u00f1o en campa\u00f1a, ve alejarse su oportunidad porque L\u00f3pez Obrador prefiere a Cruz P\u00e9rez\u2026<br \/>\n\u2026salvo si Ad\u00e1n Augusto L\u00f3pez impone su influencia ante su jefe y amigo de Macuspana y al final se da la machincuepa para sorpresa de muchos.<br \/>\nAndrea Ch\u00e1vez no se quedar\u00eda sin hacer presencia en su estado, pues recibir\u00e1 la oferta de irse de presidenta municipal de Ciudad Ju\u00e1rez, en relevo precisamente de P\u00e9rez.<br \/>\nOtro factor pudiera ser el g\u00e9nero.<br \/>\nDe momento el oficialismo no tiene nueve mujeres posicionadas en las encuestas para garantizar el triunfo y no tener gran base puede ser factor de derrota morenista.<br \/>\nPero regresemos a Mario Delgado.<br \/>\nYa suenan candidatos para sucederlo y al frente se ha colocado la secretaria de Ciencia, Humanidades, Tecnolog\u00eda e Innovaci\u00f3n, Rosaura Ruiz.<br \/>\nHay otros aspirantes, pero depender\u00e1 de las modificaciones al gabinete para llenar las candidaturas a gobernadores y posiciones importantes de la C\u00e1mara de Diputados.<\/p>\n<p>LOS REYEZUELOS<br \/>\nSe cruzan apuestas:<br \/>\n\u00bfQui\u00e9n ganar\u00e1, la Presidenta con su intenci\u00f3n de acabar con el nepotismo o dos gobernadores, el verde Ricardo Gallardo y el emecista Samuel Garc\u00eda para imponer a sus esposas Ruth Gonz\u00e1lez y Mariana Rodr\u00edguez en San Luis Potos\u00ed y en Nuevo Le\u00f3n?<br \/>\nEl reto es may\u00fasculo porque, m\u00e1s all\u00e1 de las leyes y de la popularidad, est\u00e1n la \u00e9tica pol\u00edtica y la conversi\u00f3n de mandatarios estatales en reyezuelos de sus feudos.<br \/>\nLuisa Mar\u00eda Alcalde pretende impugnar a nombre del partido oficial las reformas constitucionales de los estados para aplicar el esp\u00edritu de las disposiciones contra el nepotismo.<br \/>\nLa \u00fanica esperanza contra estas acciones caciquiles est\u00e1 en la Suprema Corte de Justicia de la Naci\u00f3n (todav\u00eda se le llama as\u00ed sin ning\u00fan pudor) de Hugo Aguilar, quien puede primar la Constituci\u00f3n General de la Rep\u00fablica sobre las de los estados.<br \/>\nDe una u otra forma este deseo recae en la presidenta Claudia Sheinbaum, dada la dominancia de Palacio Nacional sobre el Poder Judicial.<\/p>\n<p><img loading=\"lazy\" decoding=\"async\" class=\"alignnone wp-image-70947 size-full\" src=\"http:\/\/noticiasveracruz.com\/wp-content\/uploads\/2025\/12\/FIRMA-EDITORIAL-PD-7.jpg\" alt=\"\" width=\"1024\" height=\"125\" srcset=\"https:\/\/noticiasveracruz.com\/wp-content\/uploads\/2025\/12\/FIRMA-EDITORIAL-PD-7.jpg 1024w, https:\/\/noticiasveracruz.com\/wp-content\/uploads\/2025\/12\/FIRMA-EDITORIAL-PD-7-300x37.jpg 300w, https:\/\/noticiasveracruz.com\/wp-content\/uploads\/2025\/12\/FIRMA-EDITORIAL-PD-7-768x94.jpg 768w\" sizes=\"auto, (max-width: 1024px) 100vw, 1024px\" \/><\/p>\n","protected":false},"excerpt":{"rendered":"<p>En la SEP hay ambiente de cambio. La segura partida de Mario Delgado hacia la candidatura de Colima forma parte<\/p>\n","protected":false},"author":4,"featured_media":28549,"comment_status":"closed","ping_status":"closed","sticky":false,"template":"","format":"standard","meta":{"colormag_page_container_layout":"default_layout","colormag_page_sidebar_layout":"default_layout","_jetpack_memberships_contains_paid_content":false,"footnotes":"","jetpack_publicize_message":"","jetpack_publicize_feature_enabled":true,"jetpack_social_post_already_shared":true,"jetpack_social_options":{"image_generator_settings":{"template":"highway","default_image_id":0,"font":"","enabled":false},"version":2}},"categories":[6],"tags":[],"class_list":["post-70951","post","type-post","status-publish","format-standard","has-post-thumbnail","hentry","category-columnistas"],"jetpack_publicize_connections":[],"jetpack_featured_media_url":"https:\/\/noticiasveracruz.com\/wp-content\/uploads\/2024\/04\/BANNER-JOSE-URENA-NV.jpg","jetpack_sharing_enabled":true,"publishpress_future_action":{"enabled":false,"date":"2026-05-07 07:32:57","action":"change-status","newStatus":"draft","terms":[],"taxonomy":"category","extraData":[]},"publishpress_future_workflow_manual_trigger":{"enabledWorkflows":[]},"_links":{"self":[{"href":"https:\/\/noticiasveracruz.com\/index.php\/wp-json\/wp\/v2\/posts\/70951","targetHints":{"allow":["GET"]}}],"collection":[{"href":"https:\/\/noticiasveracruz.com\/index.php\/wp-json\/wp\/v2\/posts"}],"about":[{"href":"https:\/\/noticiasveracruz.com\/index.php\/wp-json\/wp\/v2\/types\/post"}],"author":[{"embeddable":true,"href":"https:\/\/noticiasveracruz.com\/index.php\/wp-json\/wp\/v2\/users\/4"}],"replies":[{"embeddable":true,"href":"https:\/\/noticiasveracruz.com\/index.php\/wp-json\/wp\/v2\/comments?post=70951"}],"version-history":[{"count":0,"href":"https:\/\/noticiasveracruz.com\/index.php\/wp-json\/wp\/v2\/posts\/70951\/revisions"}],"wp:featuredmedia":[{"embeddable":true,"href":"https:\/\/noticiasveracruz.com\/index.php\/wp-json\/wp\/v2\/media\/28549"}],"wp:attachment":[{"href":"https:\/\/noticiasveracruz.com\/index.php\/wp-json\/wp\/v2\/media?parent=70951"}],"wp:term":[{"taxonomy":"category","embeddable":true,"href":"https:\/\/noticiasveracruz.com\/index.php\/wp-json\/wp\/v2\/categories?post=70951"},{"taxonomy":"post_tag","embeddable":true,"href":"https:\/\/noticiasveracruz.com\/index.php\/wp-json\/wp\/v2\/tags?post=70951"}],"curies":[{"name":"wp","href":"https:\/\/api.w.org\/{rel}","templated":true}]}}