{"id":70949,"date":"2025-12-22T01:56:43","date_gmt":"2025-12-22T07:56:43","guid":{"rendered":"https:\/\/noticiasveracruz.com\/?p=70949"},"modified":"2025-12-22T01:56:43","modified_gmt":"2025-12-22T07:56:43","slug":"nahle-liderazgo-en-el-asfalto-veracruzano","status":"publish","type":"post","link":"https:\/\/noticiasveracruz.com\/index.php\/2025\/12\/22\/nahle-liderazgo-en-el-asfalto-veracruzano\/","title":{"rendered":"Nahle: liderazgo en el asfalto veracruzano"},"content":{"rendered":"<p><em>\u201cEl compromiso es la respuesta valiente de quienes no quieren malgastar su vida, sino que desean ser protagonistas de la historia personal y social\u201d. \u2013 Juan Pablo II.<\/em><\/p>\n<p><strong>\u00a0<\/strong><\/p>\n<p><strong>La red carretera de Veracruz no solo ha sido durante a\u00f1os un reflejo del abandono institucional, sino tambi\u00e9n una met\u00e1fora del desgaste de la relaci\u00f3n entre gobierno y ciudadan\u00eda. Caminos destrozados, tramos intransitables y obras inconclusas se convirtieron en la normalidad heredada. En ese contexto, el compromiso asumido en campa\u00f1a por la gobernadora Roc\u00edo Nahle Garc\u00eda de rehabilitar y modernizar la infraestructura carretera estatal no era una promesa menor: era una deuda hist\u00f3rica.<\/strong><\/p>\n<p><strong>Hoy, a casi un a\u00f1o de iniciado su gobierno, resulta innegable que ese compromiso no se ha quedado en el discurso. La presencia constante de la mandataria en diversas regiones del estado, supervisando personalmente obras, verificando avances y exigiendo calidad en los materiales y en la ejecuci\u00f3n, habla de una gobernante que entiende que el desarrollo comienza por el territorio. Nahle Garc\u00eda no gobierna desde el escritorio; gobierna desde el camino, literalmente.\u00a0<\/strong><a href=\"https:\/\/www.facebook.com\/reel\/3309837375857984\"><strong>https:\/\/www.facebook.com\/reel\/3309837375857984<\/strong><\/a><\/p>\n<p><strong>Sin embargo, esta misma realidad obliga a una lectura cr\u00edtica m\u00e1s profunda. Que sea la propia titular del Ejecutivo quien deba salir de manera reiterada a revisar obras carreteras revela tambi\u00e9n una falla estructural en su equipo de gobierno. La supervisi\u00f3n de contratos, el seguimiento t\u00e9cnico, la presi\u00f3n a empresas incumplidas y la aplicaci\u00f3n de sanciones no deber\u00edan recaer en la gobernadora. Para eso existen secretar\u00edas, direcciones, residencias de obra y una normatividad clara que prev\u00e9 castigos administrativos y legales cuando las obras se abandonan, se retrasan o se ejecutan con deficiencias.<\/strong><\/p>\n<p><strong>Cuando una carretera permanece semanas sin trabajadores, cuando un tramo se queda a medias o cuando la calidad deja dudas, no es solo un problema t\u00e9cnico: es un s\u00edntoma de laxitud administrativa. Y en ese punto, parte del equipo de Nahle Garc\u00eda queda a deber. No ejercer presi\u00f3n, no aplicar sanciones o permitir la inercia burocr\u00e1tica es faltar al compromiso no solo con la gobernadora, sino con los ciudadanos que pagan esas obras con sus impuestos y esperan resultados.<\/strong><\/p>\n<p><strong>Parad\u00f3jicamente, esta debilidad operativa contrasta con la fortaleza pol\u00edtica de la mandataria. Lejos de desentenderse, Nahle Garc\u00eda ha optado por estar\u00a0<em>\u201cin situ\u201d,<\/em>\u00a0verificar personalmente y dejar claro que ninguna instrucci\u00f3n puede diluirse en la cadena de mando. Su estilo recuerda una vieja y sabia conseja de gobierno: \u201clo que no se supervisa, se descompone; lo que no se vigila, se lo lleva la chingada.\u201d<\/strong><\/p>\n<p><strong>Ese mensaje no va dirigido \u00fanicamente a las constructoras, sino tambi\u00e9n a sus propios funcionarios. La gobernadora ha dejado claro que no habr\u00e1 tolerancia para la simulaci\u00f3n ni para el incumplimiento. Su presencia en el territorio es, al mismo tiempo, un acto de responsabilidad y una llamada de atenci\u00f3n.<\/strong><\/p>\n<p><strong>La rehabilitaci\u00f3n de la red carretera avanza, s\u00ed, y eso debe reconocerse. Pero el reto ahora es que ese avance no dependa exclusivamente del car\u00e1cter y la determinaci\u00f3n de la gobernadora. Un gobierno s\u00f3lido no es aquel donde la jefa tiene que hacerlo todo, sino aquel donde cada engranaje cumple su funci\u00f3n con eficiencia y compromiso.<\/strong><\/p>\n<p><strong>Roc\u00edo Nahle Garc\u00eda est\u00e1 cumpliendo su palabra. Corresponde ahora a su equipo demostrar que tambi\u00e9n entiende la dimensi\u00f3n del encargo que se les confi\u00f3 y que gobernar Veracruz exige algo m\u00e1s que presencia: exige responsabilidad, disciplina y resultados.<\/strong><\/p>\n<p><strong>\u00a0<\/strong><\/p>\n<p><strong>Al tiempo.<\/strong><\/p>\n<p><img loading=\"lazy\" decoding=\"async\" class=\"alignnone wp-image-70947 size-full\" src=\"http:\/\/noticiasveracruz.com\/wp-content\/uploads\/2025\/12\/FIRMA-EDITORIAL-PD-7.jpg\" alt=\"\" width=\"1024\" height=\"125\" srcset=\"https:\/\/noticiasveracruz.com\/wp-content\/uploads\/2025\/12\/FIRMA-EDITORIAL-PD-7.jpg 1024w, https:\/\/noticiasveracruz.com\/wp-content\/uploads\/2025\/12\/FIRMA-EDITORIAL-PD-7-300x37.jpg 300w, https:\/\/noticiasveracruz.com\/wp-content\/uploads\/2025\/12\/FIRMA-EDITORIAL-PD-7-768x94.jpg 768w\" sizes=\"auto, (max-width: 1024px) 100vw, 1024px\" \/><\/p>\n","protected":false},"excerpt":{"rendered":"<p>\u201cEl compromiso es la respuesta valiente de quienes no quieren malgastar su vida, sino que desean ser protagonistas de la<\/p>\n","protected":false},"author":4,"featured_media":30989,"comment_status":"closed","ping_status":"closed","sticky":false,"template":"","format":"standard","meta":{"colormag_page_container_layout":"default_layout","colormag_page_sidebar_layout":"default_layout","_jetpack_memberships_contains_paid_content":false,"footnotes":"","jetpack_publicize_message":"","jetpack_publicize_feature_enabled":true,"jetpack_social_post_already_shared":true,"jetpack_social_options":{"image_generator_settings":{"template":"highway","default_image_id":0,"font":"","enabled":false},"version":2}},"categories":[6],"tags":[],"class_list":["post-70949","post","type-post","status-publish","format-standard","has-post-thumbnail","hentry","category-columnistas"],"jetpack_publicize_connections":[],"jetpack_featured_media_url":"https:\/\/noticiasveracruz.com\/wp-content\/uploads\/2024\/05\/LUIS-RAMIREZ-BAQUEIRO-800x445-1.png","jetpack_sharing_enabled":true,"publishpress_future_action":{"enabled":false,"date":"2026-05-08 07:13:24","action":"change-status","newStatus":"draft","terms":[],"taxonomy":"category","extraData":[]},"publishpress_future_workflow_manual_trigger":{"enabledWorkflows":[]},"_links":{"self":[{"href":"https:\/\/noticiasveracruz.com\/index.php\/wp-json\/wp\/v2\/posts\/70949","targetHints":{"allow":["GET"]}}],"collection":[{"href":"https:\/\/noticiasveracruz.com\/index.php\/wp-json\/wp\/v2\/posts"}],"about":[{"href":"https:\/\/noticiasveracruz.com\/index.php\/wp-json\/wp\/v2\/types\/post"}],"author":[{"embeddable":true,"href":"https:\/\/noticiasveracruz.com\/index.php\/wp-json\/wp\/v2\/users\/4"}],"replies":[{"embeddable":true,"href":"https:\/\/noticiasveracruz.com\/index.php\/wp-json\/wp\/v2\/comments?post=70949"}],"version-history":[{"count":0,"href":"https:\/\/noticiasveracruz.com\/index.php\/wp-json\/wp\/v2\/posts\/70949\/revisions"}],"wp:featuredmedia":[{"embeddable":true,"href":"https:\/\/noticiasveracruz.com\/index.php\/wp-json\/wp\/v2\/media\/30989"}],"wp:attachment":[{"href":"https:\/\/noticiasveracruz.com\/index.php\/wp-json\/wp\/v2\/media?parent=70949"}],"wp:term":[{"taxonomy":"category","embeddable":true,"href":"https:\/\/noticiasveracruz.com\/index.php\/wp-json\/wp\/v2\/categories?post=70949"},{"taxonomy":"post_tag","embeddable":true,"href":"https:\/\/noticiasveracruz.com\/index.php\/wp-json\/wp\/v2\/tags?post=70949"}],"curies":[{"name":"wp","href":"https:\/\/api.w.org\/{rel}","templated":true}]}}