{"id":70936,"date":"2025-12-22T01:36:49","date_gmt":"2025-12-22T07:36:49","guid":{"rendered":"https:\/\/noticiasveracruz.com\/?p=70936"},"modified":"2025-12-22T01:36:49","modified_gmt":"2025-12-22T07:36:49","slug":"rusia-desmiente-a-zelensky-sobre-propuesta-de-reunion-trilateral-con-ucrania-y-eu","status":"publish","type":"post","link":"https:\/\/noticiasveracruz.com\/index.php\/2025\/12\/22\/rusia-desmiente-a-zelensky-sobre-propuesta-de-reunion-trilateral-con-ucrania-y-eu\/","title":{"rendered":"Rusia desmiente a Zelensky sobre propuesta de reuni\u00f3n trilateral con Ucrania y EU"},"content":{"rendered":"<p class=\"nota-justify\">El Kremlin desminti\u00f3 este domingo la preparaci\u00f3n de una reuni\u00f3n trilateral con Kiev y Washington, cuando prosiguen las conversaciones en Miami sobre la manera de acabar con el conflicto de Ucrania, que pronto entrar\u00e1 en su quinto a\u00f1o.<\/p>\n<p class=\"nota-justify\">El presidente ucranio, Volodymir Zelensky, afirm\u00f3 el s\u00e1bado que Washington hab\u00eda propuesto organizar un encuentro trilateral, lo que habr\u00eda supuesto las primeras negociaciones cara a cara entre Mosc\u00fa y Kiev en medio a\u00f1o.<\/p>\n<p class=\"nota-justify\">\u00abPor el momento, nadie ha hablado seriamente de esta iniciativa y, que yo sepa, no se est\u00e1 preparando\u00bb, dijo a la prensa el asesor diplom\u00e1tico de la presidencia rusa, Yuri Ushakov, citado por las agencias de noticias rusas.<\/p>\n<p class=\"nota-justify\">Tras revelar la propuesta tripartita de Estados Unidos, Zelensky dijo a los periodistas que no estaba \u00abseguro de que vaya a surgir algo nuevo\u00bb de ella e inst\u00f3 a Estados Unidos a aumentar la presi\u00f3n sobre Rusia para que ponga fin a la guerra.<\/p>\n<p class=\"nota-justify\">Sin embargo, el l\u00edder ucranio se mostr\u00f3 m\u00e1s optimista este domingo. Se\u00f1al\u00f3 que las conversaciones \u00abconstructivas\u00bb entre los negociadores estadunidenses, europeos y ucranios avanzaban \u00aba un ritmo bastante r\u00e1pido\u00bb, aunque reconoci\u00f3 que \u00abmucho depende de si Rusia siente la necesidad real de poner fin a la guerra\u00bb.<\/p>\n<p class=\"nota-justify\">\u00abLamentablemente, las se\u00f1ales que provienen de Rusia siguen siendo negativas: ataques a lo largo del frente, cr\u00edmenes de guerra rusos en las zonas fronterizas y continuos ataques contra nuestra infraestructura\u00bb, public\u00f3 Zelensky en X.<\/p>\n","protected":false},"excerpt":{"rendered":"<p>El Kremlin desminti\u00f3 este domingo la preparaci\u00f3n de una reuni\u00f3n trilateral con Kiev y Washington, cuando prosiguen las conversaciones en<\/p>\n","protected":false},"author":4,"featured_media":70937,"comment_status":"closed","ping_status":"closed","sticky":false,"template":"","format":"standard","meta":{"colormag_page_container_layout":"default_layout","colormag_page_sidebar_layout":"default_layout","_jetpack_memberships_contains_paid_content":false,"footnotes":"","jetpack_publicize_message":"","jetpack_publicize_feature_enabled":true,"jetpack_social_post_already_shared":true,"jetpack_social_options":{"image_generator_settings":{"template":"highway","default_image_id":0,"font":"","enabled":false},"version":2}},"categories":[355],"tags":[],"class_list":["post-70936","post","type-post","status-publish","format-standard","has-post-thumbnail","hentry","category-internacional"],"jetpack_publicize_connections":[],"jetpack_featured_media_url":"https:\/\/noticiasveracruz.com\/wp-content\/uploads\/2025\/12\/CRIM.jpg","jetpack_sharing_enabled":true,"publishpress_future_action":{"enabled":false,"date":"2026-05-07 09:15:32","action":"change-status","newStatus":"draft","terms":[],"taxonomy":"category","extraData":[]},"publishpress_future_workflow_manual_trigger":{"enabledWorkflows":[]},"_links":{"self":[{"href":"https:\/\/noticiasveracruz.com\/index.php\/wp-json\/wp\/v2\/posts\/70936","targetHints":{"allow":["GET"]}}],"collection":[{"href":"https:\/\/noticiasveracruz.com\/index.php\/wp-json\/wp\/v2\/posts"}],"about":[{"href":"https:\/\/noticiasveracruz.com\/index.php\/wp-json\/wp\/v2\/types\/post"}],"author":[{"embeddable":true,"href":"https:\/\/noticiasveracruz.com\/index.php\/wp-json\/wp\/v2\/users\/4"}],"replies":[{"embeddable":true,"href":"https:\/\/noticiasveracruz.com\/index.php\/wp-json\/wp\/v2\/comments?post=70936"}],"version-history":[{"count":0,"href":"https:\/\/noticiasveracruz.com\/index.php\/wp-json\/wp\/v2\/posts\/70936\/revisions"}],"wp:featuredmedia":[{"embeddable":true,"href":"https:\/\/noticiasveracruz.com\/index.php\/wp-json\/wp\/v2\/media\/70937"}],"wp:attachment":[{"href":"https:\/\/noticiasveracruz.com\/index.php\/wp-json\/wp\/v2\/media?parent=70936"}],"wp:term":[{"taxonomy":"category","embeddable":true,"href":"https:\/\/noticiasveracruz.com\/index.php\/wp-json\/wp\/v2\/categories?post=70936"},{"taxonomy":"post_tag","embeddable":true,"href":"https:\/\/noticiasveracruz.com\/index.php\/wp-json\/wp\/v2\/tags?post=70936"}],"curies":[{"name":"wp","href":"https:\/\/api.w.org\/{rel}","templated":true}]}}